{"id":2564,"date":"2019-12-24T20:46:04","date_gmt":"2019-12-25T02:46:04","guid":{"rendered":"https:\/\/raicesjerezanas.com\/?p=2564"},"modified":"2023-07-14T04:26:40","modified_gmt":"2023-07-14T04:26:40","slug":"con-teatro-musical-concluye-el-festival-navidad-2019","status":"publish","type":"post","link":"https:\/\/raicesjerezanas.com\/?p=2564","title":{"rendered":"CON TEATRO MUSICAL CONCLUYE EL\u00a0FESTIVAL NAVIDAD 2019"},"content":{"rendered":"<p>Con la obra de teatro musical Una Noche de Esperanza, concluy\u00f3 el Festival Navidad 2019.<\/p>\n<p>Familias jerezanas se dieron cita en el majestuoso teatro Hinojosa, en donde disfrutaron de un obra que inspir\u00f3 paz y narmon\u00eda en esta \u00e9poca tan especial.<\/p>\n<p>Fueron m\u00e1s de 20 participantes, entre m\u00fasicos, actores y bailarinas, que demostraron calidad y talento en el escenario, adem\u00e1s de gran entusiasmo por el arte.<\/p>\n<p>En representaci\u00f3n del Presidente Antonio Aceves S\u00e1nchez, el Director del Instituto Jerezano de Cultura (IJC) Miguel \u00c1ngel Salcedo Quezada, agradeci\u00f3 la participaci\u00f3n de los j\u00f3venes y ni\u00f1os del grupo de teatro musical del Instituto, y les reconoci\u00f3 el esfuerzo y dedicaci\u00f3n que mostraron en tal espect\u00e1culo.<\/p>\n<p>Adem\u00e1s,\u00a0entreg\u00f3 reconocimientos en nombre del Ayuntamiento a todos los actores y reiter\u00f3 el compromiso de seguir trabajando por realizar eventos que propicien la sana diversi\u00f3n y la uni\u00f3n familiar en Jerez.<\/p>\n","protected":false},"excerpt":{"rendered":"<div class=\"mh-excerpt\"><p>Con la obra de teatro musical Una Noche de Esperanza, concluy\u00f3 el Festival Navidad 2019. Familias jerezanas se dieron cita en el majestuoso teatro Hinojosa, <a class=\"mh-excerpt-more\" href=\"https:\/\/raicesjerezanas.com\/?p=2564\" title=\"CON TEATRO MUSICAL CONCLUYE EL\u00a0FESTIVAL NAVIDAD 2019\">&#8230;<\/a><\/p>\n<\/div>","protected":false},"author":1,"featured_media":2565,"comment_status":"closed","ping_status":"closed","sticky":false,"template":"","format":"standard","meta":{"footnotes":""},"categories":[102],"tags":[],"class_list":["post-2564","post","type-post","status-publish","format-standard","has-post-thumbnail","hentry","category-noticias-de-jerez"],"_links":{"self":[{"href":"https:\/\/raicesjerezanas.com\/index.php?rest_route=\/wp\/v2\/posts\/2564","targetHints":{"allow":["GET"]}}],"collection":[{"href":"https:\/\/raicesjerezanas.com\/index.php?rest_route=\/wp\/v2\/posts"}],"about":[{"href":"https:\/\/raicesjerezanas.com\/index.php?rest_route=\/wp\/v2\/types\/post"}],"author":[{"embeddable":true,"href":"https:\/\/raicesjerezanas.com\/index.php?rest_route=\/wp\/v2\/users\/1"}],"replies":[{"embeddable":true,"href":"https:\/\/raicesjerezanas.com\/index.php?rest_route=%2Fwp%2Fv2%2Fcomments&post=2564"}],"version-history":[{"count":0,"href":"https:\/\/raicesjerezanas.com\/index.php?rest_route=\/wp\/v2\/posts\/2564\/revisions"}],"wp:featuredmedia":[{"embeddable":true,"href":"https:\/\/raicesjerezanas.com\/index.php?rest_route=\/wp\/v2\/media\/2565"}],"wp:attachment":[{"href":"https:\/\/raicesjerezanas.com\/index.php?rest_route=%2Fwp%2Fv2%2Fmedia&parent=2564"}],"wp:term":[{"taxonomy":"category","embeddable":true,"href":"https:\/\/raicesjerezanas.com\/index.php?rest_route=%2Fwp%2Fv2%2Fcategories&post=2564"},{"taxonomy":"post_tag","embeddable":true,"href":"https:\/\/raicesjerezanas.com\/index.php?rest_route=%2Fwp%2Fv2%2Ftags&post=2564"}],"curies":[{"name":"wp","href":"https:\/\/api.w.org\/{rel}","templated":true}]}}