{"id":2569,"date":"2019-12-26T11:18:55","date_gmt":"2019-12-26T17:18:55","guid":{"rendered":"https:\/\/raicesjerezanas.com\/?p=2569"},"modified":"2023-07-14T04:26:40","modified_gmt":"2023-07-14T04:26:40","slug":"museos-de-jerez-estaran-abiertos-en-periodo-vacacional","status":"publish","type":"post","link":"https:\/\/raicesjerezanas.com\/?p=2569","title":{"rendered":"MUSEOS DE JEREZ ESTAR\u00c1N ABIERTOS EN PERIODO VACACIONAL"},"content":{"rendered":"<p>Debido al aumento de visitas por el per\u00edodo vacacional decembrino, los dos museos principales con los que cuenta el municipio permanecer\u00e1n abiertos todos los d\u00edas durante el mes de diciembre y principios de enero del 2020.<\/p>\n<p>El Director del Instituto Jerezano de Cultura (IJC) Miguel \u00c1ngel Salcedo Quezada, inform\u00f3 que con la afluencia en temporada baja de 30 personas por semana en el Museo Interactivo Ram\u00f3n L\u00f3pez Velarde y 20 en el Museo Regional de Arte, se espera que durante estas vacaciones estas cifras se multipliquen de manera considerable con la llegada de turistas al municipio.<\/p>\n<p>Por esta raz\u00f3n el Museo Interactivo Ram\u00f3n L\u00f3pez estar\u00e1 abierto de lunes a domingo con un horario extendido de 10:00 de la ma\u00f1ana a 7:00 de la tarde, a partir del 19 de diciembre y hasta el 6 de enero, solicitando para su entrada una cuota m\u00ednima de recuperaci\u00f3n de $10.<\/p>\n<p>Dicho museo cuenta con la concentraci\u00f3n de pertenencias de la vida y obra del bardo jerezano, distribuidos en 9 salas entre ellas la cronol\u00f3gica, auditiva, cocina, comedor, rec\u00e1mara, Foro Zozobra, \u00e1rea de estar y dos patios.<\/p>\n<p>El Museo Regional de Arte por su parte, abrir\u00e1 de martes a domingo, con horario de 9:00 de la ma\u00f1ana a 4:00 de la tarde, ofreciendo la apreciaci\u00f3n de piezas utilizadas por jerezanos principalmente en el siglo XX.<\/p>\n","protected":false},"excerpt":{"rendered":"<div class=\"mh-excerpt\"><p>Debido al aumento de visitas por el per\u00edodo vacacional decembrino, los dos museos principales con los que cuenta el municipio permanecer\u00e1n abiertos todos los d\u00edas <a class=\"mh-excerpt-more\" href=\"https:\/\/raicesjerezanas.com\/?p=2569\" title=\"MUSEOS DE JEREZ ESTAR\u00c1N ABIERTOS EN PERIODO VACACIONAL\">&#8230;<\/a><\/p>\n<\/div>","protected":false},"author":1,"featured_media":2570,"comment_status":"closed","ping_status":"closed","sticky":false,"template":"","format":"standard","meta":{"footnotes":""},"categories":[102],"tags":[],"class_list":["post-2569","post","type-post","status-publish","format-standard","has-post-thumbnail","hentry","category-noticias-de-jerez"],"_links":{"self":[{"href":"https:\/\/raicesjerezanas.com\/index.php?rest_route=\/wp\/v2\/posts\/2569","targetHints":{"allow":["GET"]}}],"collection":[{"href":"https:\/\/raicesjerezanas.com\/index.php?rest_route=\/wp\/v2\/posts"}],"about":[{"href":"https:\/\/raicesjerezanas.com\/index.php?rest_route=\/wp\/v2\/types\/post"}],"author":[{"embeddable":true,"href":"https:\/\/raicesjerezanas.com\/index.php?rest_route=\/wp\/v2\/users\/1"}],"replies":[{"embeddable":true,"href":"https:\/\/raicesjerezanas.com\/index.php?rest_route=%2Fwp%2Fv2%2Fcomments&post=2569"}],"version-history":[{"count":0,"href":"https:\/\/raicesjerezanas.com\/index.php?rest_route=\/wp\/v2\/posts\/2569\/revisions"}],"wp:featuredmedia":[{"embeddable":true,"href":"https:\/\/raicesjerezanas.com\/index.php?rest_route=\/wp\/v2\/media\/2570"}],"wp:attachment":[{"href":"https:\/\/raicesjerezanas.com\/index.php?rest_route=%2Fwp%2Fv2%2Fmedia&parent=2569"}],"wp:term":[{"taxonomy":"category","embeddable":true,"href":"https:\/\/raicesjerezanas.com\/index.php?rest_route=%2Fwp%2Fv2%2Fcategories&post=2569"},{"taxonomy":"post_tag","embeddable":true,"href":"https:\/\/raicesjerezanas.com\/index.php?rest_route=%2Fwp%2Fv2%2Ftags&post=2569"}],"curies":[{"name":"wp","href":"https:\/\/api.w.org\/{rel}","templated":true}]}}