{"id":2578,"date":"2019-12-27T15:05:35","date_gmt":"2019-12-27T21:05:35","guid":{"rendered":"https:\/\/raicesjerezanas.com\/?p=2578"},"modified":"2023-07-14T04:26:40","modified_gmt":"2023-07-14T04:26:40","slug":"gobierno-municipal-atiende-necesidades-en-espacios-deportivos","status":"publish","type":"post","link":"https:\/\/raicesjerezanas.com\/?p=2578","title":{"rendered":"GOBIERNO MUNICIPAL ATIENDE NECESIDADES EN ESPACIOS DEPORTIVOS"},"content":{"rendered":"<p>El Gobierno Municipal que encabeza Antonio Aceves S\u00e1nchez, comprometido en mantener espacios dignos para desarrollar el sano esparcimiento, realiz\u00f3 trabajos en los campos deportivos de La Joya.<\/p>\n<p>Carlos Dorado, responsable de la Coordinaci\u00f3n Municipal de Deporte, coment\u00f3 que dando respuesta inmediata al gremio futbol\u00edstico jerezano y en com\u00fan acuerdo con las Ligas Amateur de F\u00fatbol que utilizan los campos, se realizaron trabajos para emparejar las dos canchas.<\/p>\n<p>Explic\u00f3 que debido a las lluvias que se presentaron en d\u00edas pasados la superficie qued\u00f3 en muy malas condiciones, lo que pudiera provocar accidentes al momento de practicar el deporte.<\/p>\n<p>Por ello se solicit\u00f3 al departamento de maquinaria pesada del Ayuntamiento nivelar la superficie, para de esa manera prevenir cualquier situaci\u00f3n.<\/p>\n<p>Agreg\u00f3 que para la Administraci\u00f3n 2018-2021 todas las disciplinas deportivas en el municipio son de suma importancia y se atienden las distintas necesidades que existen ya sea en b\u00e1squetbol, voleibol, b\u00e9isbol, entre otros.<\/p>\n","protected":false},"excerpt":{"rendered":"<div class=\"mh-excerpt\"><p>El Gobierno Municipal que encabeza Antonio Aceves S\u00e1nchez, comprometido en mantener espacios dignos para desarrollar el sano esparcimiento, realiz\u00f3 trabajos en los campos deportivos de <a class=\"mh-excerpt-more\" href=\"https:\/\/raicesjerezanas.com\/?p=2578\" title=\"GOBIERNO MUNICIPAL ATIENDE NECESIDADES EN ESPACIOS DEPORTIVOS\">&#8230;<\/a><\/p>\n<\/div>","protected":false},"author":1,"featured_media":2579,"comment_status":"closed","ping_status":"closed","sticky":false,"template":"","format":"standard","meta":{"footnotes":""},"categories":[102],"tags":[],"class_list":["post-2578","post","type-post","status-publish","format-standard","has-post-thumbnail","hentry","category-noticias-de-jerez"],"_links":{"self":[{"href":"https:\/\/raicesjerezanas.com\/index.php?rest_route=\/wp\/v2\/posts\/2578","targetHints":{"allow":["GET"]}}],"collection":[{"href":"https:\/\/raicesjerezanas.com\/index.php?rest_route=\/wp\/v2\/posts"}],"about":[{"href":"https:\/\/raicesjerezanas.com\/index.php?rest_route=\/wp\/v2\/types\/post"}],"author":[{"embeddable":true,"href":"https:\/\/raicesjerezanas.com\/index.php?rest_route=\/wp\/v2\/users\/1"}],"replies":[{"embeddable":true,"href":"https:\/\/raicesjerezanas.com\/index.php?rest_route=%2Fwp%2Fv2%2Fcomments&post=2578"}],"version-history":[{"count":0,"href":"https:\/\/raicesjerezanas.com\/index.php?rest_route=\/wp\/v2\/posts\/2578\/revisions"}],"wp:featuredmedia":[{"embeddable":true,"href":"https:\/\/raicesjerezanas.com\/index.php?rest_route=\/wp\/v2\/media\/2579"}],"wp:attachment":[{"href":"https:\/\/raicesjerezanas.com\/index.php?rest_route=%2Fwp%2Fv2%2Fmedia&parent=2578"}],"wp:term":[{"taxonomy":"category","embeddable":true,"href":"https:\/\/raicesjerezanas.com\/index.php?rest_route=%2Fwp%2Fv2%2Fcategories&post=2578"},{"taxonomy":"post_tag","embeddable":true,"href":"https:\/\/raicesjerezanas.com\/index.php?rest_route=%2Fwp%2Fv2%2Ftags&post=2578"}],"curies":[{"name":"wp","href":"https:\/\/api.w.org\/{rel}","templated":true}]}}