{"id":2580,"date":"2019-12-29T15:48:45","date_gmt":"2019-12-29T21:48:45","guid":{"rendered":"https:\/\/raicesjerezanas.com\/?p=2580"},"modified":"2023-07-14T04:26:39","modified_gmt":"2023-07-14T04:26:39","slug":"culmina-primer-semestre-de-talleres-ordinarios-del-dif","status":"publish","type":"post","link":"https:\/\/raicesjerezanas.com\/?p=2580","title":{"rendered":"CULMINA PRIMER SEMESTRE DE TALLERES ORDINARIOS DEL DIF"},"content":{"rendered":"<p>Con la participaci\u00f3n de 60 personas culmin\u00f3 el primer semestre de los tres nuevos talleres ordinarios puestos en marcha por el DIF Municipal en el Centro de Desarrollo Comunitario (CDC)\u00a0 San Isidro.<\/p>\n<p>Los talleres buscan el autoempleo de las personas y el aumento de los ingresos econ\u00f3micos de las familias vulnerables, de ah\u00ed la iniciativa de la Presidenta Honor\u00edfica del sistema familiar Nayeli \u00c1lvarez Haro, por instalar m\u00e1s en el municipio, destac\u00f3 la encargada de la Jefatura de los CDC&#8217;s Estefan\u00eda Ordaz P\u00e9rez.<\/p>\n<p>El pasado mes de agosto incorporaron los talleres de Barber\u00eda, Belleza y Cocina, en el CDC San Isidro, donde los inscritos participaron de manera activa y entusiasta, logrando adquirir en el primer semestre conocimientos b\u00e1sicos para comenzar a auto emplearse.<\/p>\n<p>Al mismo tiempo podr\u00e1n continuar perfeccion\u00e1ndose durante dos a\u00f1os y medio restantes, tiempo en el que se concreta totalmente el periodo de ense\u00f1anza de los talleres.<\/p>\n<p>En este centro se ofrecen 5 talleres m\u00e1s como son Manualidades, Artesan\u00edas, Elaboraci\u00f3n de pi\u00f1atas, Carpinter\u00eda, al igual que Corte y Confecci\u00f3n.<\/p>\n<p>Los alumnos fueron reconocidos por sus deseos de superaci\u00f3n en presencia tambi\u00e9n del Delegado de la Procuradur\u00eda del DIF Carlos F\u00e9lix Carrillo, de la Directora del CDC San Isidro Mar\u00eda Merced Garc\u00eda Rom\u00e1n, y la representante de los docentes del mismo Luz Adriana Ceballos Casas.<\/p>\n","protected":false},"excerpt":{"rendered":"<div class=\"mh-excerpt\"><p>Con la participaci\u00f3n de 60 personas culmin\u00f3 el primer semestre de los tres nuevos talleres ordinarios puestos en marcha por el DIF Municipal en el <a class=\"mh-excerpt-more\" href=\"https:\/\/raicesjerezanas.com\/?p=2580\" title=\"CULMINA PRIMER SEMESTRE DE TALLERES ORDINARIOS DEL DIF\">&#8230;<\/a><\/p>\n<\/div>","protected":false},"author":1,"featured_media":2581,"comment_status":"closed","ping_status":"closed","sticky":false,"template":"","format":"standard","meta":{"footnotes":""},"categories":[102],"tags":[],"class_list":["post-2580","post","type-post","status-publish","format-standard","has-post-thumbnail","hentry","category-noticias-de-jerez"],"_links":{"self":[{"href":"https:\/\/raicesjerezanas.com\/index.php?rest_route=\/wp\/v2\/posts\/2580","targetHints":{"allow":["GET"]}}],"collection":[{"href":"https:\/\/raicesjerezanas.com\/index.php?rest_route=\/wp\/v2\/posts"}],"about":[{"href":"https:\/\/raicesjerezanas.com\/index.php?rest_route=\/wp\/v2\/types\/post"}],"author":[{"embeddable":true,"href":"https:\/\/raicesjerezanas.com\/index.php?rest_route=\/wp\/v2\/users\/1"}],"replies":[{"embeddable":true,"href":"https:\/\/raicesjerezanas.com\/index.php?rest_route=%2Fwp%2Fv2%2Fcomments&post=2580"}],"version-history":[{"count":0,"href":"https:\/\/raicesjerezanas.com\/index.php?rest_route=\/wp\/v2\/posts\/2580\/revisions"}],"wp:featuredmedia":[{"embeddable":true,"href":"https:\/\/raicesjerezanas.com\/index.php?rest_route=\/wp\/v2\/media\/2581"}],"wp:attachment":[{"href":"https:\/\/raicesjerezanas.com\/index.php?rest_route=%2Fwp%2Fv2%2Fmedia&parent=2580"}],"wp:term":[{"taxonomy":"category","embeddable":true,"href":"https:\/\/raicesjerezanas.com\/index.php?rest_route=%2Fwp%2Fv2%2Fcategories&post=2580"},{"taxonomy":"post_tag","embeddable":true,"href":"https:\/\/raicesjerezanas.com\/index.php?rest_route=%2Fwp%2Fv2%2Ftags&post=2580"}],"curies":[{"name":"wp","href":"https:\/\/api.w.org\/{rel}","templated":true}]}}