{"id":2583,"date":"2019-12-30T16:11:22","date_gmt":"2019-12-30T22:11:22","guid":{"rendered":"https:\/\/raicesjerezanas.com\/?p=2583"},"modified":"2023-07-14T04:26:39","modified_gmt":"2023-07-14T04:26:39","slug":"recomienda-dspm-medidas-de-proteccion-personal-en-periodo-vacacional","status":"publish","type":"post","link":"https:\/\/raicesjerezanas.com\/?p=2583","title":{"rendered":"RECOMIENDA DSPM MEDIDAS DE PROTECCI\u00d3N PERSONAL EN PERIODO VACACIONAL"},"content":{"rendered":"<p>La Direcci\u00f3n de Seguridad P\u00fablica Municipal recomienda a la poblaci\u00f3n adoptar medidas de auto protecci\u00f3n ante posibles y comunes incidentes durante el periodo vacacional, ya sea si son turistas, permanecen en el municipio o si viajan fuera.<\/p>\n<p>A la ciudadan\u00eda en general se le pide no aceptar ayuda en bancos por personas desconocidas o que no sean empleados de estas instituciones, mantener siempre especial cuidado de sus hijos en especial en lugares de alta aglomeraci\u00f3n, y conocer los n\u00fameros de emergencia 911, 9453000 y 9451789.<\/p>\n<p>Las recomendaciones si salen de la ciudad son avisar a sus personas cercanas para poder localizarlos en un momento determinado, dejar protegidas puertas y ventanas de sus hogares pidiendo apoyo a sus vecinos para observar movimientos sospechosos en ellas, as\u00ed como cerrar bien las llaves de gas y agua.<\/p>\n<p>Durante el trayecto en carretera, se aconseja no llevar personas desconocidas en los veh\u00edculos y obedecer las indicaciones de las v\u00edas de tr\u00e1nsito.<\/p>\n<p>Las recomendaciones para visitantes incluyen para cualquier emergencia llamar al 911, acercarse a los m\u00f3dulos de atenci\u00f3n que se instalar\u00e1n en el primer cuadro de la ciudad, adem\u00e1s de pedir ayuda a los elementos pie tierra o a las unidades que har\u00e1n presencia aguda en bancos, hoteles y centros de esparcimiento.<\/p>\n<p>Se solicita tambi\u00e9n evitar hacer favores o prestarse para hacer movimientos bancarios, mantener comunicaci\u00f3n constante con familiares y personas cercanas sobre las actividades que vienen a realizar y si salen del municipio, esta informaci\u00f3n podr\u00eda ser vital en un momento determinado.<\/p>\n","protected":false},"excerpt":{"rendered":"<div class=\"mh-excerpt\"><p>La Direcci\u00f3n de Seguridad P\u00fablica Municipal recomienda a la poblaci\u00f3n adoptar medidas de auto protecci\u00f3n ante posibles y comunes incidentes durante el periodo vacacional, ya <a class=\"mh-excerpt-more\" href=\"https:\/\/raicesjerezanas.com\/?p=2583\" title=\"RECOMIENDA DSPM MEDIDAS DE PROTECCI\u00d3N PERSONAL EN PERIODO VACACIONAL\">&#8230;<\/a><\/p>\n<\/div>","protected":false},"author":1,"featured_media":2584,"comment_status":"closed","ping_status":"closed","sticky":false,"template":"","format":"standard","meta":{"footnotes":""},"categories":[102],"tags":[],"class_list":["post-2583","post","type-post","status-publish","format-standard","has-post-thumbnail","hentry","category-noticias-de-jerez"],"_links":{"self":[{"href":"https:\/\/raicesjerezanas.com\/index.php?rest_route=\/wp\/v2\/posts\/2583","targetHints":{"allow":["GET"]}}],"collection":[{"href":"https:\/\/raicesjerezanas.com\/index.php?rest_route=\/wp\/v2\/posts"}],"about":[{"href":"https:\/\/raicesjerezanas.com\/index.php?rest_route=\/wp\/v2\/types\/post"}],"author":[{"embeddable":true,"href":"https:\/\/raicesjerezanas.com\/index.php?rest_route=\/wp\/v2\/users\/1"}],"replies":[{"embeddable":true,"href":"https:\/\/raicesjerezanas.com\/index.php?rest_route=%2Fwp%2Fv2%2Fcomments&post=2583"}],"version-history":[{"count":0,"href":"https:\/\/raicesjerezanas.com\/index.php?rest_route=\/wp\/v2\/posts\/2583\/revisions"}],"wp:featuredmedia":[{"embeddable":true,"href":"https:\/\/raicesjerezanas.com\/index.php?rest_route=\/wp\/v2\/media\/2584"}],"wp:attachment":[{"href":"https:\/\/raicesjerezanas.com\/index.php?rest_route=%2Fwp%2Fv2%2Fmedia&parent=2583"}],"wp:term":[{"taxonomy":"category","embeddable":true,"href":"https:\/\/raicesjerezanas.com\/index.php?rest_route=%2Fwp%2Fv2%2Fcategories&post=2583"},{"taxonomy":"post_tag","embeddable":true,"href":"https:\/\/raicesjerezanas.com\/index.php?rest_route=%2Fwp%2Fv2%2Ftags&post=2583"}],"curies":[{"name":"wp","href":"https:\/\/api.w.org\/{rel}","templated":true}]}}