{"id":2588,"date":"2020-01-02T19:36:46","date_gmt":"2020-01-03T01:36:46","guid":{"rendered":"https:\/\/raicesjerezanas.com\/?p=2588"},"modified":"2023-07-14T04:26:39","modified_gmt":"2023-07-14T04:26:39","slug":"celebran-a-policias-jerezanos-en-su-dia","status":"publish","type":"post","link":"https:\/\/raicesjerezanas.com\/?p=2588","title":{"rendered":"CELEBRAN A POLIC\u00cdAS JEREZANOS EN SU D\u00cdA"},"content":{"rendered":"<p>En conmemoraci\u00f3n del D\u00eda del Polic\u00eda, el Ayuntamiento de Jerez a trav\u00e9s de la Direcci\u00f3n de Seguridad P\u00fablica Municipal (DSPM) organiz\u00f3 un desayuno para los elementos del cuerpo policiaco.<\/p>\n<p>En su mensaje, el Presidente Antonio Aceves S\u00e1nchez agradeci\u00f3 la labor que realizan d\u00eda a d\u00eda con la ciudadan\u00eda para mantener el bienestar en el municipio.<\/p>\n<p>Como una muestra de reconocimiento, el alcalde realiz\u00f3 la rifa de dinero en efectivo en la que 10 polic\u00edas fueron acreedores a premios de mil y hasta 5 mil pesos.<\/p>\n<p>Los ciudadanos Humberto y Telma Carlos, ex integrantes de Clubes Migrantes, asistieron al festejo donde entregaron juguetes y bolos para los hijos de los polic\u00edas, adem\u00e1s de l\u00e1mparas para uso personal.<\/p>\n<p>Tambi\u00e9n estuvieron presentes Liborio Carrillo, Secretario de Gobierno y Nazario Oseguera Grada, titular de la DSPM.<\/p>\n","protected":false},"excerpt":{"rendered":"<div class=\"mh-excerpt\"><p>En conmemoraci\u00f3n del D\u00eda del Polic\u00eda, el Ayuntamiento de Jerez a trav\u00e9s de la Direcci\u00f3n de Seguridad P\u00fablica Municipal (DSPM) organiz\u00f3 un desayuno para los <a class=\"mh-excerpt-more\" href=\"https:\/\/raicesjerezanas.com\/?p=2588\" title=\"CELEBRAN A POLIC\u00cdAS JEREZANOS EN SU D\u00cdA\">&#8230;<\/a><\/p>\n<\/div>","protected":false},"author":1,"featured_media":2589,"comment_status":"closed","ping_status":"closed","sticky":false,"template":"","format":"standard","meta":{"footnotes":""},"categories":[102],"tags":[],"class_list":["post-2588","post","type-post","status-publish","format-standard","has-post-thumbnail","hentry","category-noticias-de-jerez"],"_links":{"self":[{"href":"https:\/\/raicesjerezanas.com\/index.php?rest_route=\/wp\/v2\/posts\/2588","targetHints":{"allow":["GET"]}}],"collection":[{"href":"https:\/\/raicesjerezanas.com\/index.php?rest_route=\/wp\/v2\/posts"}],"about":[{"href":"https:\/\/raicesjerezanas.com\/index.php?rest_route=\/wp\/v2\/types\/post"}],"author":[{"embeddable":true,"href":"https:\/\/raicesjerezanas.com\/index.php?rest_route=\/wp\/v2\/users\/1"}],"replies":[{"embeddable":true,"href":"https:\/\/raicesjerezanas.com\/index.php?rest_route=%2Fwp%2Fv2%2Fcomments&post=2588"}],"version-history":[{"count":0,"href":"https:\/\/raicesjerezanas.com\/index.php?rest_route=\/wp\/v2\/posts\/2588\/revisions"}],"wp:featuredmedia":[{"embeddable":true,"href":"https:\/\/raicesjerezanas.com\/index.php?rest_route=\/wp\/v2\/media\/2589"}],"wp:attachment":[{"href":"https:\/\/raicesjerezanas.com\/index.php?rest_route=%2Fwp%2Fv2%2Fmedia&parent=2588"}],"wp:term":[{"taxonomy":"category","embeddable":true,"href":"https:\/\/raicesjerezanas.com\/index.php?rest_route=%2Fwp%2Fv2%2Fcategories&post=2588"},{"taxonomy":"post_tag","embeddable":true,"href":"https:\/\/raicesjerezanas.com\/index.php?rest_route=%2Fwp%2Fv2%2Ftags&post=2588"}],"curies":[{"name":"wp","href":"https:\/\/api.w.org\/{rel}","templated":true}]}}