{"id":2590,"date":"2020-01-02T19:41:09","date_gmt":"2020-01-03T01:41:09","guid":{"rendered":"https:\/\/raicesjerezanas.com\/?p=2590"},"modified":"2023-07-14T04:26:39","modified_gmt":"2023-07-14T04:26:39","slug":"incrementan-fugas-en-la-via-publica-por-descenso-de-temperatura","status":"publish","type":"post","link":"https:\/\/raicesjerezanas.com\/?p=2590","title":{"rendered":"INCREMENTAN FUGAS EN LA V\u00cdA P\u00daBLICA POR DESCENSO DE TEMPERATURA"},"content":{"rendered":"<p>Con el comienzo de las bajas temperaturas, se ha detectado un notorio incremento de fugas en la v\u00eda p\u00fablica, mismas que se denuncian ante el Sistema Municipal de Agua Potable y Alcantarillado de Jerez (SIMAPAJ), que cuenta con personal para la reparaci\u00f3n de las mismas de lunes a domingo.<\/p>\n<p>Ante el notorio aumento de rupturas en tuber\u00edas por congelamiento del vital l\u00edquido, el Director del SIMAPAJ Carlos Alonso N\u00fa\u00f1ez Campos extendi\u00f3 la invitaci\u00f3n a la ciudadan\u00eda a mantenerse alerta a cualquier tipo de incidentes, y pone a su disposici\u00f3n los n\u00fameros disponibles para atender las fugas: 49 49 49 09 08 y 94 5 22 05 y con esto evitar el desperdicio de agua en grandes cantidades.<\/p>\n<p>Respecto a las instalaciones hidr\u00e1ulicas en los hogares, el funcionario reiter\u00f3 la recomendaci\u00f3n de tomar precauciones previas con la cobertura de las mismas para evitar rompimientos, incluso llevar a cabo acciones de prevenci\u00f3n como la de vaciar las conexiones, retirar y guardar mangueras, as\u00ed como cerrar la llave de paso de la toma que est\u00e9 en \u00e1reas exteriores.<\/p>\n","protected":false},"excerpt":{"rendered":"<div class=\"mh-excerpt\"><p>Con el comienzo de las bajas temperaturas, se ha detectado un notorio incremento de fugas en la v\u00eda p\u00fablica, mismas que se denuncian ante el <a class=\"mh-excerpt-more\" href=\"https:\/\/raicesjerezanas.com\/?p=2590\" title=\"INCREMENTAN FUGAS EN LA V\u00cdA P\u00daBLICA POR DESCENSO DE TEMPERATURA\">&#8230;<\/a><\/p>\n<\/div>","protected":false},"author":1,"featured_media":2591,"comment_status":"closed","ping_status":"closed","sticky":false,"template":"","format":"standard","meta":{"footnotes":""},"categories":[102],"tags":[],"class_list":["post-2590","post","type-post","status-publish","format-standard","has-post-thumbnail","hentry","category-noticias-de-jerez"],"_links":{"self":[{"href":"https:\/\/raicesjerezanas.com\/index.php?rest_route=\/wp\/v2\/posts\/2590","targetHints":{"allow":["GET"]}}],"collection":[{"href":"https:\/\/raicesjerezanas.com\/index.php?rest_route=\/wp\/v2\/posts"}],"about":[{"href":"https:\/\/raicesjerezanas.com\/index.php?rest_route=\/wp\/v2\/types\/post"}],"author":[{"embeddable":true,"href":"https:\/\/raicesjerezanas.com\/index.php?rest_route=\/wp\/v2\/users\/1"}],"replies":[{"embeddable":true,"href":"https:\/\/raicesjerezanas.com\/index.php?rest_route=%2Fwp%2Fv2%2Fcomments&post=2590"}],"version-history":[{"count":0,"href":"https:\/\/raicesjerezanas.com\/index.php?rest_route=\/wp\/v2\/posts\/2590\/revisions"}],"wp:featuredmedia":[{"embeddable":true,"href":"https:\/\/raicesjerezanas.com\/index.php?rest_route=\/wp\/v2\/media\/2591"}],"wp:attachment":[{"href":"https:\/\/raicesjerezanas.com\/index.php?rest_route=%2Fwp%2Fv2%2Fmedia&parent=2590"}],"wp:term":[{"taxonomy":"category","embeddable":true,"href":"https:\/\/raicesjerezanas.com\/index.php?rest_route=%2Fwp%2Fv2%2Fcategories&post=2590"},{"taxonomy":"post_tag","embeddable":true,"href":"https:\/\/raicesjerezanas.com\/index.php?rest_route=%2Fwp%2Fv2%2Ftags&post=2590"}],"curies":[{"name":"wp","href":"https:\/\/api.w.org\/{rel}","templated":true}]}}