{"id":2601,"date":"2020-01-06T21:46:07","date_gmt":"2020-01-07T03:46:07","guid":{"rendered":"https:\/\/raicesjerezanas.com\/?p=2601"},"modified":"2023-07-14T04:26:38","modified_gmt":"2023-07-14T04:26:38","slug":"con-ayuda-de-gobierno-municipal-y-ciudadania-llegan-los-reyes-magos-a-jerez","status":"publish","type":"post","link":"https:\/\/raicesjerezanas.com\/?p=2601","title":{"rendered":"CON AYUDA DE GOBIERNO MUNICIPAL Y CIUDADAN\u00cdA LLEGAN LOS REYES MAGOS A JEREZ"},"content":{"rendered":"<p>Los Reyes Magos llegaron a Jerez de la mano del Ayuntamiento que encabeza Antonio Aceves S\u00e1nchez, la Direcci\u00f3n de Seguridad P\u00fablica Municipal y la ciudadan\u00eda, quienes dieron arranque a la Caravana \u00a1Regala una sonrisa a un ni\u00f1o! que llevar\u00e1 juguetes a zonas vulnerables de Jerez.<\/p>\n<p>El Presidente Municipal felicit\u00f3 la iniciativa de la corporaci\u00f3n policiaca de recolectar los presentes, para llevar un momento de alegr\u00eda a los ni\u00f1os m\u00e1s necesitados.<br \/>\nIgualmente agradeci\u00f3 la voluntad de la ciudadan\u00eda que se sum\u00f3 a la causa, donando tres centenares de juguetes en el centro de acopio que se instal\u00f3 por un tiempo en el jard\u00edn principal Rafael P\u00e1ez.<\/p>\n<p>El Director de la DSPM Nazario Oseguera Grada, asegur\u00f3 que el empe\u00f1o del actual gobierno est\u00e1 en reconstruir el tejido social y generar un v\u00ednculo con la poblaci\u00f3n, en especial con los sectores desprotegidos.<\/p>\n<p>Es as\u00ed como la tradici\u00f3n de Baltazar, Melchor y Gaspar, llegar\u00e1 a 13 puntos vulnerables de la cabecera municipal para regalar una sonrisa a los peque\u00f1os que las habitan.<br \/>\nDichos puntos contemplan colonias como Uni\u00f3n Santa Cruz, Granjas El Molino, El Molino de Abajo, CNOP, Jard\u00edn del \u00c1lamo, Don Durito, Del Valle, Azteca, entre otras.<\/p>\n<p>El banderazo de salida de las patrullas cargadas con los juguetes se dio en presencia tambi\u00e9n del Secretario de Gobierno Liborio Carrillo Castro, la S\u00edndico Municipal Carolina Salazar Orozco, y la representante del \u00c1rea de Prevenci\u00f3n del Delito y la Violencia de la DSPM, Ana Cecilia Baltazar Mu\u00f1oz.<\/p>\n","protected":false},"excerpt":{"rendered":"<div class=\"mh-excerpt\"><p>Los Reyes Magos llegaron a Jerez de la mano del Ayuntamiento que encabeza Antonio Aceves S\u00e1nchez, la Direcci\u00f3n de Seguridad P\u00fablica Municipal y la ciudadan\u00eda, <a class=\"mh-excerpt-more\" href=\"https:\/\/raicesjerezanas.com\/?p=2601\" title=\"CON AYUDA DE GOBIERNO MUNICIPAL Y CIUDADAN\u00cdA LLEGAN LOS REYES MAGOS A JEREZ\">&#8230;<\/a><\/p>\n<\/div>","protected":false},"author":1,"featured_media":2602,"comment_status":"closed","ping_status":"closed","sticky":false,"template":"","format":"standard","meta":{"footnotes":""},"categories":[102],"tags":[],"class_list":["post-2601","post","type-post","status-publish","format-standard","has-post-thumbnail","hentry","category-noticias-de-jerez"],"_links":{"self":[{"href":"https:\/\/raicesjerezanas.com\/index.php?rest_route=\/wp\/v2\/posts\/2601","targetHints":{"allow":["GET"]}}],"collection":[{"href":"https:\/\/raicesjerezanas.com\/index.php?rest_route=\/wp\/v2\/posts"}],"about":[{"href":"https:\/\/raicesjerezanas.com\/index.php?rest_route=\/wp\/v2\/types\/post"}],"author":[{"embeddable":true,"href":"https:\/\/raicesjerezanas.com\/index.php?rest_route=\/wp\/v2\/users\/1"}],"replies":[{"embeddable":true,"href":"https:\/\/raicesjerezanas.com\/index.php?rest_route=%2Fwp%2Fv2%2Fcomments&post=2601"}],"version-history":[{"count":0,"href":"https:\/\/raicesjerezanas.com\/index.php?rest_route=\/wp\/v2\/posts\/2601\/revisions"}],"wp:featuredmedia":[{"embeddable":true,"href":"https:\/\/raicesjerezanas.com\/index.php?rest_route=\/wp\/v2\/media\/2602"}],"wp:attachment":[{"href":"https:\/\/raicesjerezanas.com\/index.php?rest_route=%2Fwp%2Fv2%2Fmedia&parent=2601"}],"wp:term":[{"taxonomy":"category","embeddable":true,"href":"https:\/\/raicesjerezanas.com\/index.php?rest_route=%2Fwp%2Fv2%2Fcategories&post=2601"},{"taxonomy":"post_tag","embeddable":true,"href":"https:\/\/raicesjerezanas.com\/index.php?rest_route=%2Fwp%2Fv2%2Ftags&post=2601"}],"curies":[{"name":"wp","href":"https:\/\/api.w.org\/{rel}","templated":true}]}}