{"id":2606,"date":"2020-01-07T18:42:23","date_gmt":"2020-01-08T00:42:23","guid":{"rendered":"https:\/\/raicesjerezanas.com\/?p=2606"},"modified":"2023-07-14T04:26:38","modified_gmt":"2023-07-14T04:26:38","slug":"continuan-inscripciones-para-la-credencializacion-de-productores-jerezanos","status":"publish","type":"post","link":"https:\/\/raicesjerezanas.com\/?p=2606","title":{"rendered":"CONTIN\u00daAN INSCRIPCIONES PARA LA CREDENCIALIZACI\u00d3N DE PRODUCTORES JEREZANOS"},"content":{"rendered":"<p>El Gobierno Municipal que encabeza Antonio Aceves, a trav\u00e9s del Departamento Agropecuario contin\u00faa con el proyecto de credencializaci\u00f3n, con el fin de obtener un empadronamiento de 2 mil productores.<\/p>\n<p>Con estas credenciales, los productores podr\u00e1n acceder a m\u00faltiples apoyos que ofrece el Gobierno, y con ello evitar tr\u00e1mites y papeleos para apoyos.<\/p>\n<p>El Jefe del Departamento de Desarrollo Agropecuario Ram\u00f3n Luj\u00e1n Casas, explic\u00f3 que las credenciales estar\u00e1n respaldadas por un software especial, a efecto de que el usuario al ingresar su n\u00famero serial tenga apertura f\u00e1cil y directa a lo que necesita.<\/p>\n<p>Entre otras funciones del padr\u00f3n, se organizar\u00e1 a cada productor en su \u00e1rea y comunidad, armando planes espec\u00edficos de trabajo para cada una, as\u00ed como la gesti\u00f3n de programas y recursos.<\/p>\n<p>Se mantendr\u00e1 el empadronamiento hasta el mes de febrero, por lo que se reitera la invitaci\u00f3n a los campesinos interesados en apoyos y programas. En el mes de marzo dar\u00e1 inicio la entrega de apoyos de 10 programas como apicultura, \u00e1rboles frutales, asuntol, fertizantes, semillas de ma\u00edz y tubos de multicompuerta.<\/p>\n<p>Los interesados pueden acudir a las oficinas del departamento ubicadas en Aquiles Serd\u00e1n # 9, Plaza Tacuba, y los documentos con copia a presentarse son:<\/p>\n<p>-Credencial de elector vigente<br \/>\n-Curp<br \/>\n-Comprobante de domicilio reciente<br \/>\n-Documento de terreno<br \/>\n-En caso de no poseer terreno de siembra se podr\u00e1 presentar el contrato de arrendamiento o carta poder y el documento de terreno<br \/>\n-Si la solicitud es de tipo ganadero se deber\u00e1 presentar adem\u00e1s UPP y barrido sanitario<\/p>\n","protected":false},"excerpt":{"rendered":"<div class=\"mh-excerpt\"><p>El Gobierno Municipal que encabeza Antonio Aceves, a trav\u00e9s del Departamento Agropecuario contin\u00faa con el proyecto de credencializaci\u00f3n, con el fin de obtener un empadronamiento <a class=\"mh-excerpt-more\" href=\"https:\/\/raicesjerezanas.com\/?p=2606\" title=\"CONTIN\u00daAN INSCRIPCIONES PARA LA CREDENCIALIZACI\u00d3N DE PRODUCTORES JEREZANOS\">&#8230;<\/a><\/p>\n<\/div>","protected":false},"author":1,"featured_media":2607,"comment_status":"closed","ping_status":"closed","sticky":false,"template":"","format":"standard","meta":{"footnotes":""},"categories":[102],"tags":[],"class_list":["post-2606","post","type-post","status-publish","format-standard","has-post-thumbnail","hentry","category-noticias-de-jerez"],"_links":{"self":[{"href":"https:\/\/raicesjerezanas.com\/index.php?rest_route=\/wp\/v2\/posts\/2606","targetHints":{"allow":["GET"]}}],"collection":[{"href":"https:\/\/raicesjerezanas.com\/index.php?rest_route=\/wp\/v2\/posts"}],"about":[{"href":"https:\/\/raicesjerezanas.com\/index.php?rest_route=\/wp\/v2\/types\/post"}],"author":[{"embeddable":true,"href":"https:\/\/raicesjerezanas.com\/index.php?rest_route=\/wp\/v2\/users\/1"}],"replies":[{"embeddable":true,"href":"https:\/\/raicesjerezanas.com\/index.php?rest_route=%2Fwp%2Fv2%2Fcomments&post=2606"}],"version-history":[{"count":0,"href":"https:\/\/raicesjerezanas.com\/index.php?rest_route=\/wp\/v2\/posts\/2606\/revisions"}],"wp:featuredmedia":[{"embeddable":true,"href":"https:\/\/raicesjerezanas.com\/index.php?rest_route=\/wp\/v2\/media\/2607"}],"wp:attachment":[{"href":"https:\/\/raicesjerezanas.com\/index.php?rest_route=%2Fwp%2Fv2%2Fmedia&parent=2606"}],"wp:term":[{"taxonomy":"category","embeddable":true,"href":"https:\/\/raicesjerezanas.com\/index.php?rest_route=%2Fwp%2Fv2%2Fcategories&post=2606"},{"taxonomy":"post_tag","embeddable":true,"href":"https:\/\/raicesjerezanas.com\/index.php?rest_route=%2Fwp%2Fv2%2Ftags&post=2606"}],"curies":[{"name":"wp","href":"https:\/\/api.w.org\/{rel}","templated":true}]}}