{"id":2608,"date":"2020-01-08T15:40:05","date_gmt":"2020-01-08T21:40:05","guid":{"rendered":"https:\/\/raicesjerezanas.com\/?p=2608"},"modified":"2023-07-14T04:26:38","modified_gmt":"2023-07-14T04:26:38","slug":"entregan-domo-multiusos-para-estudiantes-de-ermita-de-guadalupe","status":"publish","type":"post","link":"https:\/\/raicesjerezanas.com\/?p=2608","title":{"rendered":"ENTREGAN DOMO MULTIUSOS PARA ESTUDIANTES DE ERMITA DE GUADALUPE"},"content":{"rendered":"<p>Con una inversi\u00f3n cercana al mill\u00f3n de pesos bajo el esquema del Programa 2&#215;1, el Presidente Municipal de Jerez Antonio Aceves S\u00e1nchez y la Secretar\u00eda del Zacatecano Migrante (SEZAMI), entregaron simb\u00f3licamente un domo en la Primaria Ignacio Zaragoza de la Ermita de Guadalupe.<\/p>\n<p>Aceves S\u00e1nchez subray\u00f3 la importancia de apostarle a la educaci\u00f3n como una de las mejores inversiones que se puede realizar desde cualquier nivel de gobierno, por lo que su administraci\u00f3n se sum\u00f3 a la petici\u00f3n de la comunidad educativa para hacer realidad la instalaci\u00f3n del domo.<\/p>\n<p>La estructura consta de 656 metros cuadrados compuesta por un tubo estructural de acero, con techumbre de l\u00e1mina de pintro calibre 26 y l\u00e1mina trasl\u00facida, para la que se invirti\u00f3 un total de 983 mil 800 pesos alcanzada entre los gobiernos estatal, municipal y el Club Migrante de Ci\u00e9nega perteneciente a Oxnard, California.<\/p>\n<p>Con su instalaci\u00f3n, los 286 alumnos as\u00ed como el cuerpo docente podr\u00e1n realizar sus actividades escolares, c\u00edvicas y recreativas al aire libre protegidos de las inclemencias del clima.<\/p>\n<p>Jos\u00e9 Juan Estrada Hern\u00e1ndez, titular de la SEZAMI, garantiz\u00f3 que todas las obras relacionadas con infraestructura educativa son importantes para el gobierno de Alejandro Tello y los migrantes, toda vez que significa invertir en el futuro y desarrollo de ni\u00f1os y j\u00f3venes.<\/p>\n<p>Por su parte Gilberto Mart\u00ednez Cabrera, Director del plantel, agradeci\u00f3 el esfuerzo de las autoridades y el Club que ayudaron a cumplir una necesidad tan importante para la Primaria desde hace varios a\u00f1os.<\/p>\n","protected":false},"excerpt":{"rendered":"<div class=\"mh-excerpt\"><p>Con una inversi\u00f3n cercana al mill\u00f3n de pesos bajo el esquema del Programa 2&#215;1, el Presidente Municipal de Jerez Antonio Aceves S\u00e1nchez y la Secretar\u00eda <a class=\"mh-excerpt-more\" href=\"https:\/\/raicesjerezanas.com\/?p=2608\" title=\"ENTREGAN DOMO MULTIUSOS PARA ESTUDIANTES DE ERMITA DE GUADALUPE\">&#8230;<\/a><\/p>\n<\/div>","protected":false},"author":1,"featured_media":2610,"comment_status":"closed","ping_status":"closed","sticky":false,"template":"","format":"standard","meta":{"footnotes":""},"categories":[102],"tags":[],"class_list":["post-2608","post","type-post","status-publish","format-standard","has-post-thumbnail","hentry","category-noticias-de-jerez"],"_links":{"self":[{"href":"https:\/\/raicesjerezanas.com\/index.php?rest_route=\/wp\/v2\/posts\/2608","targetHints":{"allow":["GET"]}}],"collection":[{"href":"https:\/\/raicesjerezanas.com\/index.php?rest_route=\/wp\/v2\/posts"}],"about":[{"href":"https:\/\/raicesjerezanas.com\/index.php?rest_route=\/wp\/v2\/types\/post"}],"author":[{"embeddable":true,"href":"https:\/\/raicesjerezanas.com\/index.php?rest_route=\/wp\/v2\/users\/1"}],"replies":[{"embeddable":true,"href":"https:\/\/raicesjerezanas.com\/index.php?rest_route=%2Fwp%2Fv2%2Fcomments&post=2608"}],"version-history":[{"count":0,"href":"https:\/\/raicesjerezanas.com\/index.php?rest_route=\/wp\/v2\/posts\/2608\/revisions"}],"wp:featuredmedia":[{"embeddable":true,"href":"https:\/\/raicesjerezanas.com\/index.php?rest_route=\/wp\/v2\/media\/2610"}],"wp:attachment":[{"href":"https:\/\/raicesjerezanas.com\/index.php?rest_route=%2Fwp%2Fv2%2Fmedia&parent=2608"}],"wp:term":[{"taxonomy":"category","embeddable":true,"href":"https:\/\/raicesjerezanas.com\/index.php?rest_route=%2Fwp%2Fv2%2Fcategories&post=2608"},{"taxonomy":"post_tag","embeddable":true,"href":"https:\/\/raicesjerezanas.com\/index.php?rest_route=%2Fwp%2Fv2%2Ftags&post=2608"}],"curies":[{"name":"wp","href":"https:\/\/api.w.org\/{rel}","templated":true}]}}