{"id":2611,"date":"2020-01-09T12:35:13","date_gmt":"2020-01-09T18:35:13","guid":{"rendered":"https:\/\/raicesjerezanas.com\/?p=2611"},"modified":"2023-07-14T04:26:38","modified_gmt":"2023-07-14T04:26:38","slug":"exitosa-estrategia-de-recoleccion-de-basura-durante-periodo-vacacional-en-jerez","status":"publish","type":"post","link":"https:\/\/raicesjerezanas.com\/?p=2611","title":{"rendered":"EXITOSA ESTRATEGIA DE RECOLECCI\u00d3N DE BASURA DURANTE PERIODO VACACIONAL EN JEREZ"},"content":{"rendered":"<p>Gracias al reboble de esfuerzos del personal del Departamento de Limpia de Jerez, se cubri\u00f3 con \u00e9xito la recolecci\u00f3n de residuos durante el pasado periodo vacacional, mismos que aumentaron en un 60%.<\/p>\n<p>La Subdirecci\u00f3n de Servicios P\u00fablicos dispuso dos cuadrillas de trabajadores que prestaron atenci\u00f3n de 4 de la ma\u00f1ana y hasta las 9 de la noche para mantener limpia la ciudad, con \u00e9nfasis en el centro hist\u00f3rico que recibi\u00f3 una cantidad importante de visitantes y connacionales.<\/p>\n<p>Las calles y avenidas de la periferia tambi\u00e9n fueron atendidas, para lo que se utilizaron 12 camiones recolectores con rutas estrat\u00e9gicamente distribuidas, en un horario de 8:00 am a 7:00 pm de lunes a s\u00e1bado, a excepci\u00f3n del 25 de diciembre y 1 de enero.<\/p>\n<p>En cumplimiento al objetivo del gobierno que encabeza Antonio Aceves S\u00e1nchez de ofrecer condiciones \u00f3ptimas para las familias jerezanas, se mantendr\u00e1 la estrategia de recolecci\u00f3n por lo que se invita a los ciudadanos a sumarse y mantener el orden y limpieza de las calles.<\/p>\n","protected":false},"excerpt":{"rendered":"<div class=\"mh-excerpt\"><p>Gracias al reboble de esfuerzos del personal del Departamento de Limpia de Jerez, se cubri\u00f3 con \u00e9xito la recolecci\u00f3n de residuos durante el pasado periodo <a class=\"mh-excerpt-more\" href=\"https:\/\/raicesjerezanas.com\/?p=2611\" title=\"EXITOSA ESTRATEGIA DE RECOLECCI\u00d3N DE BASURA DURANTE PERIODO VACACIONAL EN JEREZ\">&#8230;<\/a><\/p>\n<\/div>","protected":false},"author":1,"featured_media":2612,"comment_status":"closed","ping_status":"closed","sticky":false,"template":"","format":"standard","meta":{"footnotes":""},"categories":[102],"tags":[],"class_list":["post-2611","post","type-post","status-publish","format-standard","has-post-thumbnail","hentry","category-noticias-de-jerez"],"_links":{"self":[{"href":"https:\/\/raicesjerezanas.com\/index.php?rest_route=\/wp\/v2\/posts\/2611","targetHints":{"allow":["GET"]}}],"collection":[{"href":"https:\/\/raicesjerezanas.com\/index.php?rest_route=\/wp\/v2\/posts"}],"about":[{"href":"https:\/\/raicesjerezanas.com\/index.php?rest_route=\/wp\/v2\/types\/post"}],"author":[{"embeddable":true,"href":"https:\/\/raicesjerezanas.com\/index.php?rest_route=\/wp\/v2\/users\/1"}],"replies":[{"embeddable":true,"href":"https:\/\/raicesjerezanas.com\/index.php?rest_route=%2Fwp%2Fv2%2Fcomments&post=2611"}],"version-history":[{"count":0,"href":"https:\/\/raicesjerezanas.com\/index.php?rest_route=\/wp\/v2\/posts\/2611\/revisions"}],"wp:featuredmedia":[{"embeddable":true,"href":"https:\/\/raicesjerezanas.com\/index.php?rest_route=\/wp\/v2\/media\/2612"}],"wp:attachment":[{"href":"https:\/\/raicesjerezanas.com\/index.php?rest_route=%2Fwp%2Fv2%2Fmedia&parent=2611"}],"wp:term":[{"taxonomy":"category","embeddable":true,"href":"https:\/\/raicesjerezanas.com\/index.php?rest_route=%2Fwp%2Fv2%2Fcategories&post=2611"},{"taxonomy":"post_tag","embeddable":true,"href":"https:\/\/raicesjerezanas.com\/index.php?rest_route=%2Fwp%2Fv2%2Ftags&post=2611"}],"curies":[{"name":"wp","href":"https:\/\/api.w.org\/{rel}","templated":true}]}}