{"id":2624,"date":"2020-01-14T14:57:00","date_gmt":"2020-01-14T20:57:00","guid":{"rendered":"https:\/\/raicesjerezanas.com\/?p=2624"},"modified":"2023-07-14T04:26:37","modified_gmt":"2023-07-14T04:26:37","slug":"mas-de-700-estudiantes-jerezanos-tendran-acceso-a-becas-de-transporte","status":"publish","type":"post","link":"https:\/\/raicesjerezanas.com\/?p=2624","title":{"rendered":"M\u00c1S DE 700 ESTUDIANTES JEREZANOS TENDR\u00c1N ACCESO A BECAS DE TRANSPORTE"},"content":{"rendered":"<p>El Presidente Municipal Antonio Aceves S\u00e1nchez, present\u00f3 la convocatoria para que m\u00e1s de 700 estudiantes jerezanos accedan al Programa de Becas de Transporte, en respaldo a su calidad educativa y econom\u00eda familiar.<\/p>\n<p>El Alcalde destac\u00f3 que en el presupuesto 2020 se destin\u00f3 una partida de un mill\u00f3n 385 mil pesos para beneficiar a los j\u00f3venes del nivel superior que viajan a la capital del estado para completar sus estudios.<\/p>\n<p>Este esfuerzo es adem\u00e1s una alternativa para todos aquellos estudiantes universitarios que no est\u00e1n contemplados en el padr\u00f3n de las becas Federales Benito Ju\u00e1rez<br \/>\nAceves S\u00e1nchez reiter\u00f3 su apuesta por la educaci\u00f3n para tener una mejor sociedad, por lo que continuar\u00e1n estrategias a favor de este sector, y anunci\u00f3 que est\u00e1 pr\u00f3xima la entrega de uniformes escolares en las zonas vulnerables de Jerez.<\/p>\n<p>El Director de Desarrollo Econ\u00f3mico y Social Octavio de la Torre Jim\u00e9nez, hizo un llamado a los beneficiados para que haga un uso adecuado de las Becas de Transporte, al considerar que hay quienes realmente las necesitan, por lo que se tendr\u00e1 un mayor control sobre su otorgamiento.<\/p>\n<p>Los alumnos interesados deber\u00e1n acudir antes del 31 de enero a las oficinas de la Coordinaci\u00f3n Municipal de Educaci\u00f3n en la Presidencia, en un horario de 8:00 am a 6:00 pm, y presentar una copia de los siguientes documentos:<\/p>\n<p>\u2022 Constancia de estudios vigente<br \/>\n\u2022 Copia de kardex o historial de calificaciones del semestre anterior<br \/>\n\u2022 Credencial vigente de la Instituci\u00f3n<br \/>\n\u2022 CURP<br \/>\n\u2022 RFC<br \/>\n\u2022 Credencial de elector vigente<br \/>\n\u2022 Comprobante de domicilio reciente<br \/>\n\u2022 Estudio socioecon\u00f3mico emitido por el DIF Municipal<\/p>\n<p>En la presentaci\u00f3n de la convocatoria estuvieron el Tesorero Municipal Jes\u00fas Rodr\u00edguez del Muro, la Coordinadora Municipal de Educaci\u00f3n Silvia Cabral Mu\u00f1oz y los Regidores Raymundo Carrillo e Ignacio de la Torre.<\/p>\n","protected":false},"excerpt":{"rendered":"<div class=\"mh-excerpt\"><p>El Presidente Municipal Antonio Aceves S\u00e1nchez, present\u00f3 la convocatoria para que m\u00e1s de 700 estudiantes jerezanos accedan al Programa de Becas de Transporte, en respaldo <a class=\"mh-excerpt-more\" href=\"https:\/\/raicesjerezanas.com\/?p=2624\" title=\"M\u00c1S DE 700 ESTUDIANTES JEREZANOS TENDR\u00c1N ACCESO A BECAS DE TRANSPORTE\">&#8230;<\/a><\/p>\n<\/div>","protected":false},"author":1,"featured_media":2625,"comment_status":"closed","ping_status":"closed","sticky":false,"template":"","format":"standard","meta":{"footnotes":""},"categories":[102],"tags":[],"class_list":["post-2624","post","type-post","status-publish","format-standard","has-post-thumbnail","hentry","category-noticias-de-jerez"],"_links":{"self":[{"href":"https:\/\/raicesjerezanas.com\/index.php?rest_route=\/wp\/v2\/posts\/2624","targetHints":{"allow":["GET"]}}],"collection":[{"href":"https:\/\/raicesjerezanas.com\/index.php?rest_route=\/wp\/v2\/posts"}],"about":[{"href":"https:\/\/raicesjerezanas.com\/index.php?rest_route=\/wp\/v2\/types\/post"}],"author":[{"embeddable":true,"href":"https:\/\/raicesjerezanas.com\/index.php?rest_route=\/wp\/v2\/users\/1"}],"replies":[{"embeddable":true,"href":"https:\/\/raicesjerezanas.com\/index.php?rest_route=%2Fwp%2Fv2%2Fcomments&post=2624"}],"version-history":[{"count":0,"href":"https:\/\/raicesjerezanas.com\/index.php?rest_route=\/wp\/v2\/posts\/2624\/revisions"}],"wp:featuredmedia":[{"embeddable":true,"href":"https:\/\/raicesjerezanas.com\/index.php?rest_route=\/wp\/v2\/media\/2625"}],"wp:attachment":[{"href":"https:\/\/raicesjerezanas.com\/index.php?rest_route=%2Fwp%2Fv2%2Fmedia&parent=2624"}],"wp:term":[{"taxonomy":"category","embeddable":true,"href":"https:\/\/raicesjerezanas.com\/index.php?rest_route=%2Fwp%2Fv2%2Fcategories&post=2624"},{"taxonomy":"post_tag","embeddable":true,"href":"https:\/\/raicesjerezanas.com\/index.php?rest_route=%2Fwp%2Fv2%2Ftags&post=2624"}],"curies":[{"name":"wp","href":"https:\/\/api.w.org\/{rel}","templated":true}]}}