{"id":2626,"date":"2020-01-14T17:35:52","date_gmt":"2020-01-14T23:35:52","guid":{"rendered":"https:\/\/raicesjerezanas.com\/?p=2626"},"modified":"2023-07-14T04:26:37","modified_gmt":"2023-07-14T04:26:37","slug":"rehabilitan-canchas-de-basquetbol-del-parque-alameda","status":"publish","type":"post","link":"https:\/\/raicesjerezanas.com\/?p=2626","title":{"rendered":"REHABILITAN CANCHAS DE B\u00c1SQUETBOL DEL PARQUE ALAMEDA"},"content":{"rendered":"<p>Con el objetivo de mantener espacios p\u00fablicos en buenas condiciones para el disfrute de los jerezanos, el Presidente Municipal Antonio Aceves S\u00e1nchez realiz\u00f3 el corte de list\u00f3n con el cual se entrega la obra de rehabilitaci\u00f3n de las canchas de b\u00e1squetbol del parque Alameda.<\/p>\n<p>Aceves S\u00e1nchez coment\u00f3 que este espacio es un s\u00edmbolo muy representativo para la ciudadan\u00eda, adem\u00e1s que es un lugar atractivo de mucha vida y propicio para hacer deporte.<\/p>\n<p>Explic\u00f3 que por ello se le debe dar un mantenimiento \u00f3ptimo, tanto en lo que refiere al cuidado de las \u00e1reas verdes como en las deportivas.<\/p>\n<p>Los trabajos consistieron en el resane y pintura de las canchas, reposici\u00f3n de dos tableros de acr\u00edlico nuevos, mejoramiento de luminarias para brindar mayor seguridad por la noche, poda de \u00e1rboles en el entorno, limpieza general, entre otros.<\/p>\n<p>El alcalde se\u00f1al\u00f3 que la administraci\u00f3n a su cargo prioriza todos los recursos para garantizar trabajos de calidad,\u00a0 asimismo que continuar\u00e1n con trabajos de rehabilitaci\u00f3n de canchas ya sean de voleibol, f\u00fatbol o de cualquier otro, siempre pensando en reactivar el deporte en Jerez.<\/p>\n<p>Por ultimo extern\u00f3 una invitaci\u00f3n a la ciudadan\u00eda para que cuiden los espacios reci\u00e9n arreglados porque son para el uso de ellos y cuidarlos es tarea de todos.<\/p>\n<p>En el evento estuvieron presentes Jos\u00e9 \u00c1ngel Flores Guti\u00e9rrez, Director de Obras y Servicios P\u00fablicos; Octavio de la Torre, Director de Desarrollo Econ\u00f3mico y Social; Jes\u00fas Rodr\u00edguez del Muro, Tesorero; Heber de la Cruz, Subdirector de Servicios P\u00fablicos; Carlos Dorado, Coordinador del Deporte e Ignacio de la Torre, Regidor del Ayuntamiento.<\/p>\n","protected":false},"excerpt":{"rendered":"<div class=\"mh-excerpt\"><p>Con el objetivo de mantener espacios p\u00fablicos en buenas condiciones para el disfrute de los jerezanos, el Presidente Municipal Antonio Aceves S\u00e1nchez realiz\u00f3 el corte <a class=\"mh-excerpt-more\" href=\"https:\/\/raicesjerezanas.com\/?p=2626\" title=\"REHABILITAN CANCHAS DE B\u00c1SQUETBOL DEL PARQUE ALAMEDA\">&#8230;<\/a><\/p>\n<\/div>","protected":false},"author":1,"featured_media":2627,"comment_status":"closed","ping_status":"closed","sticky":false,"template":"","format":"standard","meta":{"footnotes":""},"categories":[102],"tags":[],"class_list":["post-2626","post","type-post","status-publish","format-standard","has-post-thumbnail","hentry","category-noticias-de-jerez"],"_links":{"self":[{"href":"https:\/\/raicesjerezanas.com\/index.php?rest_route=\/wp\/v2\/posts\/2626","targetHints":{"allow":["GET"]}}],"collection":[{"href":"https:\/\/raicesjerezanas.com\/index.php?rest_route=\/wp\/v2\/posts"}],"about":[{"href":"https:\/\/raicesjerezanas.com\/index.php?rest_route=\/wp\/v2\/types\/post"}],"author":[{"embeddable":true,"href":"https:\/\/raicesjerezanas.com\/index.php?rest_route=\/wp\/v2\/users\/1"}],"replies":[{"embeddable":true,"href":"https:\/\/raicesjerezanas.com\/index.php?rest_route=%2Fwp%2Fv2%2Fcomments&post=2626"}],"version-history":[{"count":0,"href":"https:\/\/raicesjerezanas.com\/index.php?rest_route=\/wp\/v2\/posts\/2626\/revisions"}],"wp:featuredmedia":[{"embeddable":true,"href":"https:\/\/raicesjerezanas.com\/index.php?rest_route=\/wp\/v2\/media\/2627"}],"wp:attachment":[{"href":"https:\/\/raicesjerezanas.com\/index.php?rest_route=%2Fwp%2Fv2%2Fmedia&parent=2626"}],"wp:term":[{"taxonomy":"category","embeddable":true,"href":"https:\/\/raicesjerezanas.com\/index.php?rest_route=%2Fwp%2Fv2%2Fcategories&post=2626"},{"taxonomy":"post_tag","embeddable":true,"href":"https:\/\/raicesjerezanas.com\/index.php?rest_route=%2Fwp%2Fv2%2Ftags&post=2626"}],"curies":[{"name":"wp","href":"https:\/\/api.w.org\/{rel}","templated":true}]}}