{"id":2630,"date":"2020-01-15T18:53:45","date_gmt":"2020-01-16T00:53:45","guid":{"rendered":"https:\/\/raicesjerezanas.com\/?p=2630"},"modified":"2023-07-14T04:26:36","modified_gmt":"2023-07-14T04:26:36","slug":"autoriza-cabildo-continuidad-del-inafed","status":"publish","type":"post","link":"https:\/\/raicesjerezanas.com\/?p=2630","title":{"rendered":"AUTORIZA CABILDO CONTINUIDAD DEL INAFED"},"content":{"rendered":"<p>En Sesi\u00f3n Extraordinaria de Cabildo y por unanimidad, se vot\u00f3 a favor del an\u00e1lisis y participaci\u00f3n de Jerez en el programa del Instituto Nacional para el Federalismo y el Desarrollo Municipal (INAFED) en el ejercicio 2020.<\/p>\n<p>Adem\u00e1s, se decidi\u00f3 que Juan Ulises Aguilar Ortiz, representante del Departamento de Planeaci\u00f3n, se mantenga como responsable de la continuidad al INAFED, igual que el a\u00f1o anterior.<\/p>\n<p>El cambio asentado en el acta consiste en el cambio de lo que antes era Agenda para el Desarrollo Municipal a una Gu\u00eda Consultiva.<\/p>\n<p>El objetivo es continuar con la participaci\u00f3n del municipio en las evaluaciones de aspectos como bando de polic\u00eda y buen gobierno, manuales de operaci\u00f3n, organigramas, estructura y planeaci\u00f3n, entre otros, a favor del bienestar de la sociedad jerezana.<\/p>\n","protected":false},"excerpt":{"rendered":"<div class=\"mh-excerpt\"><p>En Sesi\u00f3n Extraordinaria de Cabildo y por unanimidad, se vot\u00f3 a favor del an\u00e1lisis y participaci\u00f3n de Jerez en el programa del Instituto Nacional para <a class=\"mh-excerpt-more\" href=\"https:\/\/raicesjerezanas.com\/?p=2630\" title=\"AUTORIZA CABILDO CONTINUIDAD DEL INAFED\">&#8230;<\/a><\/p>\n<\/div>","protected":false},"author":1,"featured_media":2631,"comment_status":"closed","ping_status":"closed","sticky":false,"template":"","format":"standard","meta":{"footnotes":""},"categories":[102],"tags":[],"class_list":["post-2630","post","type-post","status-publish","format-standard","has-post-thumbnail","hentry","category-noticias-de-jerez"],"_links":{"self":[{"href":"https:\/\/raicesjerezanas.com\/index.php?rest_route=\/wp\/v2\/posts\/2630","targetHints":{"allow":["GET"]}}],"collection":[{"href":"https:\/\/raicesjerezanas.com\/index.php?rest_route=\/wp\/v2\/posts"}],"about":[{"href":"https:\/\/raicesjerezanas.com\/index.php?rest_route=\/wp\/v2\/types\/post"}],"author":[{"embeddable":true,"href":"https:\/\/raicesjerezanas.com\/index.php?rest_route=\/wp\/v2\/users\/1"}],"replies":[{"embeddable":true,"href":"https:\/\/raicesjerezanas.com\/index.php?rest_route=%2Fwp%2Fv2%2Fcomments&post=2630"}],"version-history":[{"count":0,"href":"https:\/\/raicesjerezanas.com\/index.php?rest_route=\/wp\/v2\/posts\/2630\/revisions"}],"wp:featuredmedia":[{"embeddable":true,"href":"https:\/\/raicesjerezanas.com\/index.php?rest_route=\/wp\/v2\/media\/2631"}],"wp:attachment":[{"href":"https:\/\/raicesjerezanas.com\/index.php?rest_route=%2Fwp%2Fv2%2Fmedia&parent=2630"}],"wp:term":[{"taxonomy":"category","embeddable":true,"href":"https:\/\/raicesjerezanas.com\/index.php?rest_route=%2Fwp%2Fv2%2Fcategories&post=2630"},{"taxonomy":"post_tag","embeddable":true,"href":"https:\/\/raicesjerezanas.com\/index.php?rest_route=%2Fwp%2Fv2%2Ftags&post=2630"}],"curies":[{"name":"wp","href":"https:\/\/api.w.org\/{rel}","templated":true}]}}