{"id":2632,"date":"2020-01-16T14:21:59","date_gmt":"2020-01-16T20:21:59","guid":{"rendered":"https:\/\/raicesjerezanas.com\/?p=2632"},"modified":"2023-07-14T04:26:36","modified_gmt":"2023-07-14T04:26:36","slug":"entregara-antonio-aceves-2-mil-500-uniformes-escolares-en-comunidades","status":"publish","type":"post","link":"https:\/\/raicesjerezanas.com\/?p=2632","title":{"rendered":"ENTREGAR\u00c1 ANTONIO ACEVES 2 MIL 500 UNIFORMES ESCOLARES EN COMUNIDADES"},"content":{"rendered":"<p>Para respaldar el desarrollo educativo de la ni\u00f1ez jerezana m\u00e1s necesitada y la econom\u00eda de sus familias, el Alcalde Antonio Aceves S\u00e1nchez arranc\u00f3 la jornada de entrega de 2 mil 500 uniformes escolares deportivos en la zona rural del municipio, con una inversi\u00f3n de un mill\u00f3n 160 mil pesos.<\/p>\n<p>La primera se realiz\u00f3 en El Durazno, a favor de 54 alumnos de la Primaria Ni\u00f1os H\u00e9roes y 11 del Jard\u00edn de Ni\u00f1os Benito Ju\u00e1rez.<\/p>\n<p>Aceves S\u00e1nchez recalc\u00f3 que est\u00e1 firmemente comprometido con la educaci\u00f3n, por lo que luego de la repartici\u00f3n masiva de mochilas, contin\u00faa la de uniformes ya que son un elemento importante para que los peque\u00f1os estudien en mejores condiciones.<\/p>\n<p>Asegur\u00f3 que la econom\u00eda familiar de los sectores vulnerables tambi\u00e9n es una prioridad de su Gobierno, raz\u00f3n por la cual en esta ocasi\u00f3n el beneficio ser\u00e1 para las comunidades.<\/p>\n<p>En este sentido llam\u00f3 a los maestros y padres de familia a mantener la motivaci\u00f3n, uni\u00f3n y responsabilidad de luchar en conjunto por una educaci\u00f3n de calidad para los ni\u00f1os y j\u00f3venes.<\/p>\n<p>El Director de Desarrollo Econ\u00f3mico y Social, Octavio de la Torre Jim\u00e9nez, record\u00f3 que a la apuesta por la educaci\u00f3n se suman las Becas de Transporte que en este 2020 contemplar\u00e1n a m\u00e1s de 700 universitarios, en respaldo al esfuerzo de sus familias de darles un futuro mejor.<\/p>\n<p>En la comunidad se dieron cita Nayeli \u00c1lvarez Haro, Presidenta Honor\u00edfica del DIF Municipal, la Coordinadora Municipal de Educaci\u00f3n Silvia Cabral Mu\u00f1oz, el Director de Obras y Servicios P\u00fablicos Jos\u00e9 \u00c1ngel Flores Guti\u00e9rrez, y el Regidor Raymundo Carrillo.<\/p>\n<p>Tambi\u00e9n estuvieron presentes Blanca de la Cueva y Gerardo Escobar, Directivos de los planteles, adem\u00e1s de las Presidentas de las Asociaciones de Padres de Familia, Violeta Limas y Laura Ortiz.<\/p>\n","protected":false},"excerpt":{"rendered":"<div class=\"mh-excerpt\"><p>Para respaldar el desarrollo educativo de la ni\u00f1ez jerezana m\u00e1s necesitada y la econom\u00eda de sus familias, el Alcalde Antonio Aceves S\u00e1nchez arranc\u00f3 la jornada <a class=\"mh-excerpt-more\" href=\"https:\/\/raicesjerezanas.com\/?p=2632\" title=\"ENTREGAR\u00c1 ANTONIO ACEVES 2 MIL 500 UNIFORMES ESCOLARES EN COMUNIDADES\">&#8230;<\/a><\/p>\n<\/div>","protected":false},"author":1,"featured_media":2633,"comment_status":"closed","ping_status":"closed","sticky":false,"template":"","format":"standard","meta":{"footnotes":""},"categories":[102],"tags":[],"class_list":["post-2632","post","type-post","status-publish","format-standard","has-post-thumbnail","hentry","category-noticias-de-jerez"],"_links":{"self":[{"href":"https:\/\/raicesjerezanas.com\/index.php?rest_route=\/wp\/v2\/posts\/2632","targetHints":{"allow":["GET"]}}],"collection":[{"href":"https:\/\/raicesjerezanas.com\/index.php?rest_route=\/wp\/v2\/posts"}],"about":[{"href":"https:\/\/raicesjerezanas.com\/index.php?rest_route=\/wp\/v2\/types\/post"}],"author":[{"embeddable":true,"href":"https:\/\/raicesjerezanas.com\/index.php?rest_route=\/wp\/v2\/users\/1"}],"replies":[{"embeddable":true,"href":"https:\/\/raicesjerezanas.com\/index.php?rest_route=%2Fwp%2Fv2%2Fcomments&post=2632"}],"version-history":[{"count":0,"href":"https:\/\/raicesjerezanas.com\/index.php?rest_route=\/wp\/v2\/posts\/2632\/revisions"}],"wp:featuredmedia":[{"embeddable":true,"href":"https:\/\/raicesjerezanas.com\/index.php?rest_route=\/wp\/v2\/media\/2633"}],"wp:attachment":[{"href":"https:\/\/raicesjerezanas.com\/index.php?rest_route=%2Fwp%2Fv2%2Fmedia&parent=2632"}],"wp:term":[{"taxonomy":"category","embeddable":true,"href":"https:\/\/raicesjerezanas.com\/index.php?rest_route=%2Fwp%2Fv2%2Fcategories&post=2632"},{"taxonomy":"post_tag","embeddable":true,"href":"https:\/\/raicesjerezanas.com\/index.php?rest_route=%2Fwp%2Fv2%2Ftags&post=2632"}],"curies":[{"name":"wp","href":"https:\/\/api.w.org\/{rel}","templated":true}]}}