{"id":2640,"date":"2020-01-19T22:04:22","date_gmt":"2020-01-20T04:04:22","guid":{"rendered":"https:\/\/raicesjerezanas.com\/?p=2640"},"modified":"2023-07-14T04:26:36","modified_gmt":"2023-07-14T04:26:36","slug":"aprueban-en-sesion-extraordinaria-de-cabildo-comite-organizador-de-feria-de-jerez","status":"publish","type":"post","link":"https:\/\/raicesjerezanas.com\/?p=2640","title":{"rendered":"APRUEBAN EN SESI\u00d3N EXTRAORDINARIA DE CABILDO, COMIT\u00c9 ORGANIZADOR DE FERIA DE JEREZ"},"content":{"rendered":"<p>Con 10 votos a favor, O en contra y 1 abstenci\u00f3n, se aprob\u00f3 en sesi\u00f3n extraordinaria de Cabildo el Comit\u00e9 Organizador de la Feria de Primavera 2020, con el Regidor Rutilo Carrera D\u00edaz como Presidente, Mauricio Sandoval Sillas como Secretario y Jes\u00fas Rodr\u00edguez del Muro como Tesorero.<\/p>\n<p>El Alcalde Antonio Aceves S\u00e1nchez manifest\u00f3 que la postulaci\u00f3n de Carrera D\u00edaz se respalda en su exitosa trayectoria de empresario, y que como migrante jerezano, conoce de propia mano qu\u00e9 es lo que quiere la gente que viene a los festejos primaverales.<\/p>\n<p>Agreg\u00f3 que los integrantes del Comit\u00e9 Organizador no percibir\u00e1n sueldo alguno por ostentar el cargo, debido a que pertenecen a la planilla de trabajadores del Ayuntamiento en el objetivo de hacer una feria de calidad y aprovechar mejor los recursos.<\/p>\n<p>Como Vocal de Mercadotecnia, se design\u00f3 a Cinthia Lizbeth Berm\u00fadez, de Log\u00edstica y Organizaci\u00f3n a Juan Ulises Aguilar, de Eventos Culturales, Sol Salas y de Eventos Deportivos, Carlos Dorado Orozco.<\/p>\n<p>La coordinaci\u00f3n de Candidatas a Reina la encabezar\u00e1 Felipe S\u00e1nchez; en el \u00e1rea Administrativa, Juan Ernesto Casta\u00f1o y en Agropecuario, Ram\u00f3n Luj\u00e1n Casas.<br \/>\nCon la designaci\u00f3n del Comit\u00e9 se da cumplimiento al reglamento interno, al realizarlo 80 d\u00edas antes de la festividad.<\/p>\n","protected":false},"excerpt":{"rendered":"<div class=\"mh-excerpt\"><p>Con 10 votos a favor, O en contra y 1 abstenci\u00f3n, se aprob\u00f3 en sesi\u00f3n extraordinaria de Cabildo el Comit\u00e9 Organizador de la Feria de <a class=\"mh-excerpt-more\" href=\"https:\/\/raicesjerezanas.com\/?p=2640\" title=\"APRUEBAN EN SESI\u00d3N EXTRAORDINARIA DE CABILDO, COMIT\u00c9 ORGANIZADOR DE FERIA DE JEREZ\">&#8230;<\/a><\/p>\n<\/div>","protected":false},"author":1,"featured_media":2641,"comment_status":"closed","ping_status":"closed","sticky":false,"template":"","format":"standard","meta":{"footnotes":""},"categories":[102],"tags":[],"class_list":["post-2640","post","type-post","status-publish","format-standard","has-post-thumbnail","hentry","category-noticias-de-jerez"],"_links":{"self":[{"href":"https:\/\/raicesjerezanas.com\/index.php?rest_route=\/wp\/v2\/posts\/2640","targetHints":{"allow":["GET"]}}],"collection":[{"href":"https:\/\/raicesjerezanas.com\/index.php?rest_route=\/wp\/v2\/posts"}],"about":[{"href":"https:\/\/raicesjerezanas.com\/index.php?rest_route=\/wp\/v2\/types\/post"}],"author":[{"embeddable":true,"href":"https:\/\/raicesjerezanas.com\/index.php?rest_route=\/wp\/v2\/users\/1"}],"replies":[{"embeddable":true,"href":"https:\/\/raicesjerezanas.com\/index.php?rest_route=%2Fwp%2Fv2%2Fcomments&post=2640"}],"version-history":[{"count":0,"href":"https:\/\/raicesjerezanas.com\/index.php?rest_route=\/wp\/v2\/posts\/2640\/revisions"}],"wp:featuredmedia":[{"embeddable":true,"href":"https:\/\/raicesjerezanas.com\/index.php?rest_route=\/wp\/v2\/media\/2641"}],"wp:attachment":[{"href":"https:\/\/raicesjerezanas.com\/index.php?rest_route=%2Fwp%2Fv2%2Fmedia&parent=2640"}],"wp:term":[{"taxonomy":"category","embeddable":true,"href":"https:\/\/raicesjerezanas.com\/index.php?rest_route=%2Fwp%2Fv2%2Fcategories&post=2640"},{"taxonomy":"post_tag","embeddable":true,"href":"https:\/\/raicesjerezanas.com\/index.php?rest_route=%2Fwp%2Fv2%2Ftags&post=2640"}],"curies":[{"name":"wp","href":"https:\/\/api.w.org\/{rel}","templated":true}]}}