{"id":2650,"date":"2020-01-23T19:14:18","date_gmt":"2020-01-24T01:14:18","guid":{"rendered":"https:\/\/raicesjerezanas.com\/?p=2650"},"modified":"2023-07-14T04:26:35","modified_gmt":"2023-07-14T04:26:35","slug":"gobierno-municipal-y-consejo-de-seguridad-publica-van-por-el-fortaseg","status":"publish","type":"post","link":"https:\/\/raicesjerezanas.com\/?p=2650","title":{"rendered":"GOBIERNO MUNICIPAL Y CONSEJO DE SEGURIDAD P\u00daBLICA VAN POR EL FORTASEG"},"content":{"rendered":"<p>En Sesi\u00f3n Ordinaria, el Consejo Municipal de Seguridad P\u00fablica (CMSP) destac\u00f3 la posibilidad de reintegrar a Jerez en el Programa de Fortalecimiento a la Seguridad (FORTASEG).<\/p>\n<p>El Presidente Antonio Aceves S\u00e1nchez mencion\u00f3 que al cumplir con los lineamientos de dicha estrategia, el pasado 15 de enero se present\u00f3 la documentaci\u00f3n requerida para su an\u00e1lisis.<\/p>\n<p>Entre los principales requerimientos del nuevo Secretario Ejecutivo del Sistema Nacional de Seguridad P\u00fablica, y que le dan una posibilidad al municipio de incorporarse al Programa, est\u00e1n contar con al menos 50 mil habitantes, tener un polic\u00eda por cada mil y ser considerado un municipio tur\u00edstico, entre otros.<\/p>\n<p>El Director de Seguridad P\u00fablica Municipal Nazario Oseguera, manifest\u00f3 que se necesita el Certificado \u00danico Policial (CUP), que califica a los polic\u00edas como profesionales, por lo que los elementos a su cargo se encuentran en capacitaci\u00f3n para poder cumplir el requisito. Ocho ya obtuvieron el CUP, y 39 m\u00e1s est\u00e1n trabajando para aprobar con un m\u00ednimo de 80 puntos en distintas habilidades.<\/p>\n<p>Durante la Sesi\u00f3n, integrantes de la C\u00e1mara Nacional de Comercio (CANACO) Delegaci\u00f3n Jerez se comprometieron a dar recorridos junto a Seguridad P\u00fablica por comercios jerezanos, en el objetivo de generar confianza y extender el apoyo que requiere el gremio.<\/p>\n<p>Buscar\u00e1n que m\u00e1s comerciantes se integren a la CANACO para mantener el control durante las pr\u00f3ximas festividades del municipio y de igual manera se trabajar\u00e1 la estrategia de orden en el centro hist\u00f3rico en conjunto con Protecci\u00f3n Civil.<\/p>\n<p>Otro punto a tratar fue la instalaci\u00f3n de timbres comerciales que a la fecha funcionan en 45 establecimientos de los 100 contemplados en la primera etapa. Se resolvi\u00f3 esperar a tener un acuerdo con la empresa contratada y acceder a 100 timbres m\u00e1s con el respaldo de los comerciantes interesados.<\/p>\n","protected":false},"excerpt":{"rendered":"<div class=\"mh-excerpt\"><p>En Sesi\u00f3n Ordinaria, el Consejo Municipal de Seguridad P\u00fablica (CMSP) destac\u00f3 la posibilidad de reintegrar a Jerez en el Programa de Fortalecimiento a la Seguridad <a class=\"mh-excerpt-more\" href=\"https:\/\/raicesjerezanas.com\/?p=2650\" title=\"GOBIERNO MUNICIPAL Y CONSEJO DE SEGURIDAD P\u00daBLICA VAN POR EL FORTASEG\">&#8230;<\/a><\/p>\n<\/div>","protected":false},"author":1,"featured_media":2651,"comment_status":"closed","ping_status":"closed","sticky":false,"template":"","format":"standard","meta":{"footnotes":""},"categories":[102],"tags":[],"class_list":["post-2650","post","type-post","status-publish","format-standard","has-post-thumbnail","hentry","category-noticias-de-jerez"],"_links":{"self":[{"href":"https:\/\/raicesjerezanas.com\/index.php?rest_route=\/wp\/v2\/posts\/2650","targetHints":{"allow":["GET"]}}],"collection":[{"href":"https:\/\/raicesjerezanas.com\/index.php?rest_route=\/wp\/v2\/posts"}],"about":[{"href":"https:\/\/raicesjerezanas.com\/index.php?rest_route=\/wp\/v2\/types\/post"}],"author":[{"embeddable":true,"href":"https:\/\/raicesjerezanas.com\/index.php?rest_route=\/wp\/v2\/users\/1"}],"replies":[{"embeddable":true,"href":"https:\/\/raicesjerezanas.com\/index.php?rest_route=%2Fwp%2Fv2%2Fcomments&post=2650"}],"version-history":[{"count":0,"href":"https:\/\/raicesjerezanas.com\/index.php?rest_route=\/wp\/v2\/posts\/2650\/revisions"}],"wp:featuredmedia":[{"embeddable":true,"href":"https:\/\/raicesjerezanas.com\/index.php?rest_route=\/wp\/v2\/media\/2651"}],"wp:attachment":[{"href":"https:\/\/raicesjerezanas.com\/index.php?rest_route=%2Fwp%2Fv2%2Fmedia&parent=2650"}],"wp:term":[{"taxonomy":"category","embeddable":true,"href":"https:\/\/raicesjerezanas.com\/index.php?rest_route=%2Fwp%2Fv2%2Fcategories&post=2650"},{"taxonomy":"post_tag","embeddable":true,"href":"https:\/\/raicesjerezanas.com\/index.php?rest_route=%2Fwp%2Fv2%2Ftags&post=2650"}],"curies":[{"name":"wp","href":"https:\/\/api.w.org\/{rel}","templated":true}]}}