{"id":2654,"date":"2020-01-23T19:21:15","date_gmt":"2020-01-24T01:21:15","guid":{"rendered":"https:\/\/raicesjerezanas.com\/?p=2654"},"modified":"2023-07-14T04:26:35","modified_gmt":"2023-07-14T04:26:35","slug":"entregan-proyecto-ejecutivo-de-relleno-sanitario-para-jerez","status":"publish","type":"post","link":"https:\/\/raicesjerezanas.com\/?p=2654","title":{"rendered":"ENTREGAN PROYECTO EJECUTIVO DE RELLENO SANITARIO PARA JEREZ"},"content":{"rendered":"<p>Luego de un amplio an\u00e1lisis t\u00e9cnico y social, el Alcalde Antonio Aceves S\u00e1nchez recibi\u00f3 el proyecto ejecutivo del Relleno Sanitario, avance de una de las obras de mayor relevancia en su administraci\u00f3n.<\/p>\n<p>En total se considera una inversi\u00f3n de 31 millones 800 mil pesos para un terreno de 2.72 hect\u00e1reas, al cual ya se le est\u00e1 dando certeza jur\u00eddica dado que al Basurero Municipal solo le restan seis meses de vida \u00fatil.<\/p>\n<p>Aceves S\u00e1nchez precis\u00f3 que una parte del recurso se gestionar\u00e1 ante el Gobierno del Estado, donde buscar\u00e1n acompa\u00f1amiento para concluir el proyecto de manera r\u00e1pida y exitosa y adem\u00e1s, el Ayuntamiento tambi\u00e9n invertir\u00e1 en su realizaci\u00f3n.<\/p>\n<p>Para el nuevo Relleno Sanitario se contempla la construcci\u00f3n de un cerco perimetral, caseta de vigilancia, \u00e1rea de emergencia, fosa para animales muertos, pozos parta liberar biog\u00e1s, b\u00e1scula, canal de lixiviados y una celda para la disposici\u00f3n de residuos, la cual podr\u00e1 albergar los desechos generados en 9 a\u00f1os.<\/p>\n<p>El actual tiradero a cielo abierto recibe un promedio de 53 toneladas de residuos s\u00f3lidos urbanos al d\u00eda, y en temporadas festivas aumenta hasta 100, precis\u00f3 el Director de Obras y Servicios P\u00fablicos Jos\u00e9 \u00c1ngel Flores Guti\u00e9rrez.<\/p>\n<p>Tales dep\u00f3sitos no son confinados de manera adecuada, lo que genera contaminaci\u00f3n de suelo y aire al no tener un espacio que cumpla con las condiciones m\u00ednimas para realizar la disposici\u00f3n final de residuos seg\u00fan la normatividad.<\/p>\n<p>A la entrega del proyecto tambi\u00e9n acudieron Juan Carlos Fajardo y Sergio \u00c1vila, del Departamento de Ecolog\u00eda, Medio Ambiente y Recursos Sustentables del Ayuntamiento.<\/p>\n","protected":false},"excerpt":{"rendered":"<div class=\"mh-excerpt\"><p>Luego de un amplio an\u00e1lisis t\u00e9cnico y social, el Alcalde Antonio Aceves S\u00e1nchez recibi\u00f3 el proyecto ejecutivo del Relleno Sanitario, avance de una de las <a class=\"mh-excerpt-more\" href=\"https:\/\/raicesjerezanas.com\/?p=2654\" title=\"ENTREGAN PROYECTO EJECUTIVO DE RELLENO SANITARIO PARA JEREZ\">&#8230;<\/a><\/p>\n<\/div>","protected":false},"author":1,"featured_media":2653,"comment_status":"closed","ping_status":"closed","sticky":false,"template":"","format":"standard","meta":{"footnotes":""},"categories":[102],"tags":[],"class_list":["post-2654","post","type-post","status-publish","format-standard","has-post-thumbnail","hentry","category-noticias-de-jerez"],"_links":{"self":[{"href":"https:\/\/raicesjerezanas.com\/index.php?rest_route=\/wp\/v2\/posts\/2654","targetHints":{"allow":["GET"]}}],"collection":[{"href":"https:\/\/raicesjerezanas.com\/index.php?rest_route=\/wp\/v2\/posts"}],"about":[{"href":"https:\/\/raicesjerezanas.com\/index.php?rest_route=\/wp\/v2\/types\/post"}],"author":[{"embeddable":true,"href":"https:\/\/raicesjerezanas.com\/index.php?rest_route=\/wp\/v2\/users\/1"}],"replies":[{"embeddable":true,"href":"https:\/\/raicesjerezanas.com\/index.php?rest_route=%2Fwp%2Fv2%2Fcomments&post=2654"}],"version-history":[{"count":0,"href":"https:\/\/raicesjerezanas.com\/index.php?rest_route=\/wp\/v2\/posts\/2654\/revisions"}],"wp:featuredmedia":[{"embeddable":true,"href":"https:\/\/raicesjerezanas.com\/index.php?rest_route=\/wp\/v2\/media\/2653"}],"wp:attachment":[{"href":"https:\/\/raicesjerezanas.com\/index.php?rest_route=%2Fwp%2Fv2%2Fmedia&parent=2654"}],"wp:term":[{"taxonomy":"category","embeddable":true,"href":"https:\/\/raicesjerezanas.com\/index.php?rest_route=%2Fwp%2Fv2%2Fcategories&post=2654"},{"taxonomy":"post_tag","embeddable":true,"href":"https:\/\/raicesjerezanas.com\/index.php?rest_route=%2Fwp%2Fv2%2Ftags&post=2654"}],"curies":[{"name":"wp","href":"https:\/\/api.w.org\/{rel}","templated":true}]}}