{"id":2656,"date":"2020-01-24T16:05:10","date_gmt":"2020-01-24T22:05:10","guid":{"rendered":"https:\/\/raicesjerezanas.com\/?p=2656"},"modified":"2023-07-14T04:26:35","modified_gmt":"2023-07-14T04:26:35","slug":"aceves-sanchez-entrega-rehabilitacion-de-la-calle-emiliano-carranza","status":"publish","type":"post","link":"https:\/\/raicesjerezanas.com\/?p=2656","title":{"rendered":"ACEVES S\u00c1NCHEZ ENTREGA REHABILITACI\u00d3N DE LA CALLE EMILIANO CARRANZA"},"content":{"rendered":"<p>Con el objetivo de mantener en \u00f3ptimas condiciones las vialidades del municipio, el Presidente de Jerez Antonio Aceves S\u00e1nchez, entreg\u00f3 la obra de rehabilitaci\u00f3n de la calle Emiliano Carranza en la colonia San Francisco.<\/p>\n<p>En total fue intervenida con mil 50 metros cuadrados de concreto hidr\u00e1ulico y una inversi\u00f3n de 900 mil pesos provenientes del Fondo para la Infraestructura Social B\u00e1sica.<\/p>\n<p>Aceves S\u00e1nchez record\u00f3 que la obra fue solicitada por los vecinos desde hace varias administraciones pero gracias a las gestiones del actual Gobierno fue posible concretarla.<\/p>\n<p>Inform\u00f3 que en el 2020 entregar\u00e1 cerca de 50 obras: 11 en redes de agua potable, 12 electrificaciones, nueve drenajes y 19 pavimentaciones, a la par de otros proyectos de obra p\u00fablica que se encuentran en planeaci\u00f3n.<\/p>\n<p>Reiter\u00f3 que el compromiso de su administraci\u00f3n va de la mano con este tipo de acciones, como el caso de la iniciativa de llevar agua potable a la comunidad de Montes de los Garc\u00eda.<\/p>\n<p>El Director de Desarrollo Econ\u00f3mico y Social Octavio de la Torre Jim\u00e9nez, asegur\u00f3 que la obra entregada es un manifiesto del inter\u00e9s que se tiene con atender las necesidades de la ciudadan\u00eda.<\/p>\n<p>Por su parte Manuel Mart\u00ednez Santamar\u00eda, Secretario del Comit\u00e9 de Obras y beneficiado, agradeci\u00f3 al presidente por atender la petici\u00f3n que ten\u00edan los vecinos desde hace m\u00e1s de 20 a\u00f1os.<\/p>\n<p>Al evento tambi\u00e9n asisti\u00f3 Jos\u00e9 \u00c1ngel Flores, Director de Obras y Servicios P\u00fablicos, y la Presidenta Honor\u00edfica del DIF Nayeli \u00c1lvarez Haro.<\/p>\n","protected":false},"excerpt":{"rendered":"<div class=\"mh-excerpt\"><p>Con el objetivo de mantener en \u00f3ptimas condiciones las vialidades del municipio, el Presidente de Jerez Antonio Aceves S\u00e1nchez, entreg\u00f3 la obra de rehabilitaci\u00f3n de <a class=\"mh-excerpt-more\" href=\"https:\/\/raicesjerezanas.com\/?p=2656\" title=\"ACEVES S\u00c1NCHEZ ENTREGA REHABILITACI\u00d3N DE LA CALLE EMILIANO CARRANZA\">&#8230;<\/a><\/p>\n<\/div>","protected":false},"author":1,"featured_media":2657,"comment_status":"closed","ping_status":"closed","sticky":false,"template":"","format":"standard","meta":{"footnotes":""},"categories":[102],"tags":[],"class_list":["post-2656","post","type-post","status-publish","format-standard","has-post-thumbnail","hentry","category-noticias-de-jerez"],"_links":{"self":[{"href":"https:\/\/raicesjerezanas.com\/index.php?rest_route=\/wp\/v2\/posts\/2656","targetHints":{"allow":["GET"]}}],"collection":[{"href":"https:\/\/raicesjerezanas.com\/index.php?rest_route=\/wp\/v2\/posts"}],"about":[{"href":"https:\/\/raicesjerezanas.com\/index.php?rest_route=\/wp\/v2\/types\/post"}],"author":[{"embeddable":true,"href":"https:\/\/raicesjerezanas.com\/index.php?rest_route=\/wp\/v2\/users\/1"}],"replies":[{"embeddable":true,"href":"https:\/\/raicesjerezanas.com\/index.php?rest_route=%2Fwp%2Fv2%2Fcomments&post=2656"}],"version-history":[{"count":0,"href":"https:\/\/raicesjerezanas.com\/index.php?rest_route=\/wp\/v2\/posts\/2656\/revisions"}],"wp:featuredmedia":[{"embeddable":true,"href":"https:\/\/raicesjerezanas.com\/index.php?rest_route=\/wp\/v2\/media\/2657"}],"wp:attachment":[{"href":"https:\/\/raicesjerezanas.com\/index.php?rest_route=%2Fwp%2Fv2%2Fmedia&parent=2656"}],"wp:term":[{"taxonomy":"category","embeddable":true,"href":"https:\/\/raicesjerezanas.com\/index.php?rest_route=%2Fwp%2Fv2%2Fcategories&post=2656"},{"taxonomy":"post_tag","embeddable":true,"href":"https:\/\/raicesjerezanas.com\/index.php?rest_route=%2Fwp%2Fv2%2Ftags&post=2656"}],"curies":[{"name":"wp","href":"https:\/\/api.w.org\/{rel}","templated":true}]}}