{"id":2658,"date":"2020-01-24T16:17:28","date_gmt":"2020-01-24T22:17:28","guid":{"rendered":"https:\/\/raicesjerezanas.com\/?p=2658"},"modified":"2023-07-14T04:26:35","modified_gmt":"2023-07-14T04:26:35","slug":"organizan-desfiles-y-concursos-para-el-carnaval-jerez-2020","status":"publish","type":"post","link":"https:\/\/raicesjerezanas.com\/?p=2658","title":{"rendered":"ORGANIZAN DESFILES Y CONCURSOS PARA EL CARNAVAL JEREZ 2020"},"content":{"rendered":"<p>Para avanzar en la planeaci\u00f3n del Carnaval en su edici\u00f3n 2020, la Coordinaci\u00f3n Municipal de Educaci\u00f3n se reuni\u00f3 con representantes de distintas instituciones para dar a conocer fechas, actividades y convocatorias de esta tradicional festividad.<\/p>\n<p>La titular Silvia Cabral Mu\u00f1oz convoc\u00f3 a cerca de 35 planteles de distintos niveles con quienes tom\u00f3 acuerdos relacionados con el recorrido de los desfiles Matutino y Nocturno, as\u00ed como las bases de participaci\u00f3n en los concursos de Carros Aleg\u00f3ricos y Disfraces de Mascaritas.<\/p>\n<p>La funcionaria reconoci\u00f3 la creatividad, entusiasmo y colaboraci\u00f3n de las escuelas que hacen un trabajo m\u00e1s notable en sus participaciones, por lo que los invit\u00f3 a mantener el \u00e1nimo e inter\u00e9s de los ni\u00f1os y j\u00f3venes para preservar festividades locales como el Carnaval.<\/p>\n<p>En cada una de las actividades podr\u00e1n participar tambi\u00e9n organizaciones deportivas, clubes de zumba y baile moderno, adem\u00e1s de empresas privadas y comercios que deber\u00e1n apegarse al tema carnavalesco.<\/p>\n<p>En pr\u00f3ximos d\u00edas se dar\u00e1 a conocer el programa oficial del Carnaval 2020, inclu\u00eddo el certamen y coronaci\u00f3n de la Reina, y la premiaci\u00f3n de los dos concursos.<\/p>\n","protected":false},"excerpt":{"rendered":"<div class=\"mh-excerpt\"><p>Para avanzar en la planeaci\u00f3n del Carnaval en su edici\u00f3n 2020, la Coordinaci\u00f3n Municipal de Educaci\u00f3n se reuni\u00f3 con representantes de distintas instituciones para dar <a class=\"mh-excerpt-more\" href=\"https:\/\/raicesjerezanas.com\/?p=2658\" title=\"ORGANIZAN DESFILES Y CONCURSOS PARA EL CARNAVAL JEREZ 2020\">&#8230;<\/a><\/p>\n<\/div>","protected":false},"author":1,"featured_media":2659,"comment_status":"closed","ping_status":"closed","sticky":false,"template":"","format":"standard","meta":{"footnotes":""},"categories":[102],"tags":[],"class_list":["post-2658","post","type-post","status-publish","format-standard","has-post-thumbnail","hentry","category-noticias-de-jerez"],"_links":{"self":[{"href":"https:\/\/raicesjerezanas.com\/index.php?rest_route=\/wp\/v2\/posts\/2658","targetHints":{"allow":["GET"]}}],"collection":[{"href":"https:\/\/raicesjerezanas.com\/index.php?rest_route=\/wp\/v2\/posts"}],"about":[{"href":"https:\/\/raicesjerezanas.com\/index.php?rest_route=\/wp\/v2\/types\/post"}],"author":[{"embeddable":true,"href":"https:\/\/raicesjerezanas.com\/index.php?rest_route=\/wp\/v2\/users\/1"}],"replies":[{"embeddable":true,"href":"https:\/\/raicesjerezanas.com\/index.php?rest_route=%2Fwp%2Fv2%2Fcomments&post=2658"}],"version-history":[{"count":0,"href":"https:\/\/raicesjerezanas.com\/index.php?rest_route=\/wp\/v2\/posts\/2658\/revisions"}],"wp:featuredmedia":[{"embeddable":true,"href":"https:\/\/raicesjerezanas.com\/index.php?rest_route=\/wp\/v2\/media\/2659"}],"wp:attachment":[{"href":"https:\/\/raicesjerezanas.com\/index.php?rest_route=%2Fwp%2Fv2%2Fmedia&parent=2658"}],"wp:term":[{"taxonomy":"category","embeddable":true,"href":"https:\/\/raicesjerezanas.com\/index.php?rest_route=%2Fwp%2Fv2%2Fcategories&post=2658"},{"taxonomy":"post_tag","embeddable":true,"href":"https:\/\/raicesjerezanas.com\/index.php?rest_route=%2Fwp%2Fv2%2Ftags&post=2658"}],"curies":[{"name":"wp","href":"https:\/\/api.w.org\/{rel}","templated":true}]}}