{"id":2660,"date":"2020-01-26T15:04:03","date_gmt":"2020-01-26T21:04:03","guid":{"rendered":"https:\/\/raicesjerezanas.com\/?p=2660"},"modified":"2023-07-14T04:26:35","modified_gmt":"2023-07-14T04:26:35","slug":"dif-continua-con-entrega-de-apoyos-invernales-en-jerez","status":"publish","type":"post","link":"https:\/\/raicesjerezanas.com\/?p=2660","title":{"rendered":"DIF CONTIN\u00daA CON ENTREGA DE APOYOS INVERNALES EN JEREZ"},"content":{"rendered":"<p>Los apoyos del programa Cobijando a las Familias con Amor del DIF Municipal contin\u00faan su recorrido por la cabecera municipal de Jerez para beneficiar a ni\u00f1os, j\u00f3venes y adultos en situaci\u00f3n de vulnerabilidad.<\/p>\n<p>Tras concluir la entrega en el medio rural, la Presidenta Honor\u00edfica Nayeli \u00c1lvarez Haro inici\u00f3 esta segunda etapa en la colonia Granjas El Molino, donde reparti\u00f3 cobijas, juguetes y bolos a 40 familias.<\/p>\n<p>Ah\u00ed refrend\u00f3 su compromiso y el del Alcalde Antonio Aceves S\u00e1nchez de velar por los m\u00e1s necesitados, a quienes garantiz\u00f3 que est\u00e1n abiertas las puertas del Sistema Familiar para que aprovechen los distintos programas y servicios que brinda.<\/p>\n<p>En total se beneficiar\u00e1 a 15 colonias con \u00edndices de vulnerabilidad, entre ellas El Montecillo, Frentes Populares Norte y Sur, Del Valle, Infonavit El Cortijo, San Isidro, Azteca y Mat\u00edas Ramos.<\/p>\n<p>Al inicio del recorrido por la zona urbana\u00a0se sumaron la Directora del DIF Municipal, Susana de la Torre Arg\u00fcelles y la Reina de la Feria de Primavera Jerez 2019, Karen I.<\/p>\n","protected":false},"excerpt":{"rendered":"<div class=\"mh-excerpt\"><p>Los apoyos del programa Cobijando a las Familias con Amor del DIF Municipal contin\u00faan su recorrido por la cabecera municipal de Jerez para beneficiar a <a class=\"mh-excerpt-more\" href=\"https:\/\/raicesjerezanas.com\/?p=2660\" title=\"DIF CONTIN\u00daA CON ENTREGA DE APOYOS INVERNALES EN JEREZ\">&#8230;<\/a><\/p>\n<\/div>","protected":false},"author":1,"featured_media":2661,"comment_status":"closed","ping_status":"closed","sticky":false,"template":"","format":"standard","meta":{"footnotes":""},"categories":[102],"tags":[],"class_list":["post-2660","post","type-post","status-publish","format-standard","has-post-thumbnail","hentry","category-noticias-de-jerez"],"_links":{"self":[{"href":"https:\/\/raicesjerezanas.com\/index.php?rest_route=\/wp\/v2\/posts\/2660","targetHints":{"allow":["GET"]}}],"collection":[{"href":"https:\/\/raicesjerezanas.com\/index.php?rest_route=\/wp\/v2\/posts"}],"about":[{"href":"https:\/\/raicesjerezanas.com\/index.php?rest_route=\/wp\/v2\/types\/post"}],"author":[{"embeddable":true,"href":"https:\/\/raicesjerezanas.com\/index.php?rest_route=\/wp\/v2\/users\/1"}],"replies":[{"embeddable":true,"href":"https:\/\/raicesjerezanas.com\/index.php?rest_route=%2Fwp%2Fv2%2Fcomments&post=2660"}],"version-history":[{"count":0,"href":"https:\/\/raicesjerezanas.com\/index.php?rest_route=\/wp\/v2\/posts\/2660\/revisions"}],"wp:featuredmedia":[{"embeddable":true,"href":"https:\/\/raicesjerezanas.com\/index.php?rest_route=\/wp\/v2\/media\/2661"}],"wp:attachment":[{"href":"https:\/\/raicesjerezanas.com\/index.php?rest_route=%2Fwp%2Fv2%2Fmedia&parent=2660"}],"wp:term":[{"taxonomy":"category","embeddable":true,"href":"https:\/\/raicesjerezanas.com\/index.php?rest_route=%2Fwp%2Fv2%2Fcategories&post=2660"},{"taxonomy":"post_tag","embeddable":true,"href":"https:\/\/raicesjerezanas.com\/index.php?rest_route=%2Fwp%2Fv2%2Ftags&post=2660"}],"curies":[{"name":"wp","href":"https:\/\/api.w.org\/{rel}","templated":true}]}}