{"id":2665,"date":"2020-01-27T15:56:33","date_gmt":"2020-01-27T21:56:33","guid":{"rendered":"https:\/\/raicesjerezanas.com\/?p=2665"},"modified":"2023-07-14T04:26:34","modified_gmt":"2023-07-14T04:26:34","slug":"dan-mantenimiento-oportuno-a-las-instalaciones-de-la-feria-de-jerez","status":"publish","type":"post","link":"https:\/\/raicesjerezanas.com\/?p=2665","title":{"rendered":"DAN MANTENIMIENTO OPORTUNO A LAS INSTALACIONES DE LA FERIA DE JEREZ"},"content":{"rendered":"<p>La Subdirecci\u00f3n de Servicios P\u00fablicos a trav\u00e9s del Departamento de Parques y Jardines, realiza mantenimiento continuo en las inmediaciones del circuito ferial de Jerez previo a la Feria de Primavera 2020.<\/p>\n<p>El jefe del \u00e1rea, Patrocinio Carlos, coment\u00f3 que por indicaciones del Presidente Antonio Aceves S\u00e1nchez se comenz\u00f3 con labores de mantenimiento a las \u00e1reas verdes, acci\u00f3n que no se limita a los terrenos de la feria, sino a todos los espacios p\u00fablicos del municipio.<\/p>\n<p>La cuadrilla de trabajadores retir\u00f3 \u00e1rboles secos del lugar, donde en pr\u00f3ximas semanas se emprender\u00e1 una jornada de reforestaci\u00f3n con m\u00e1s especies.<\/p>\n<p>De la misma manera se realiza la poda del c\u00e9sped y barrido, dada la concurrencia de personas que acuden al espacio para distintas actividades, y tambi\u00e9n se rehabilit\u00f3 la red de riego mediante aspersores para mantener el pasto en buena condici\u00f3n.<\/p>\n","protected":false},"excerpt":{"rendered":"<div class=\"mh-excerpt\"><p>La Subdirecci\u00f3n de Servicios P\u00fablicos a trav\u00e9s del Departamento de Parques y Jardines, realiza mantenimiento continuo en las inmediaciones del circuito ferial de Jerez previo <a class=\"mh-excerpt-more\" href=\"https:\/\/raicesjerezanas.com\/?p=2665\" title=\"DAN MANTENIMIENTO OPORTUNO A LAS INSTALACIONES DE LA FERIA DE JEREZ\">&#8230;<\/a><\/p>\n<\/div>","protected":false},"author":1,"featured_media":2669,"comment_status":"closed","ping_status":"closed","sticky":false,"template":"","format":"standard","meta":{"footnotes":""},"categories":[102],"tags":[],"class_list":["post-2665","post","type-post","status-publish","format-standard","has-post-thumbnail","hentry","category-noticias-de-jerez"],"_links":{"self":[{"href":"https:\/\/raicesjerezanas.com\/index.php?rest_route=\/wp\/v2\/posts\/2665","targetHints":{"allow":["GET"]}}],"collection":[{"href":"https:\/\/raicesjerezanas.com\/index.php?rest_route=\/wp\/v2\/posts"}],"about":[{"href":"https:\/\/raicesjerezanas.com\/index.php?rest_route=\/wp\/v2\/types\/post"}],"author":[{"embeddable":true,"href":"https:\/\/raicesjerezanas.com\/index.php?rest_route=\/wp\/v2\/users\/1"}],"replies":[{"embeddable":true,"href":"https:\/\/raicesjerezanas.com\/index.php?rest_route=%2Fwp%2Fv2%2Fcomments&post=2665"}],"version-history":[{"count":0,"href":"https:\/\/raicesjerezanas.com\/index.php?rest_route=\/wp\/v2\/posts\/2665\/revisions"}],"wp:featuredmedia":[{"embeddable":true,"href":"https:\/\/raicesjerezanas.com\/index.php?rest_route=\/wp\/v2\/media\/2669"}],"wp:attachment":[{"href":"https:\/\/raicesjerezanas.com\/index.php?rest_route=%2Fwp%2Fv2%2Fmedia&parent=2665"}],"wp:term":[{"taxonomy":"category","embeddable":true,"href":"https:\/\/raicesjerezanas.com\/index.php?rest_route=%2Fwp%2Fv2%2Fcategories&post=2665"},{"taxonomy":"post_tag","embeddable":true,"href":"https:\/\/raicesjerezanas.com\/index.php?rest_route=%2Fwp%2Fv2%2Ftags&post=2665"}],"curies":[{"name":"wp","href":"https:\/\/api.w.org\/{rel}","templated":true}]}}