{"id":2673,"date":"2020-01-28T15:58:46","date_gmt":"2020-01-28T21:58:46","guid":{"rendered":"https:\/\/raicesjerezanas.com\/?p=2673"},"modified":"2023-07-14T04:26:34","modified_gmt":"2023-07-14T04:26:34","slug":"inscripciones-abiertas-en-el-aula-multisensorial-del-crijj","status":"publish","type":"post","link":"https:\/\/raicesjerezanas.com\/?p=2673","title":{"rendered":"INSCRIPCIONES ABIERTAS EN EL AULA MULTISENSORIAL DEL CRIJJ"},"content":{"rendered":"<p>Para beneficio de ni\u00f1os y j\u00f3venes con discapacidad de la regi\u00f3n, se encuentran abiertas las inscripciones en el Aula Multisensorial del Centro de Rehabilitaci\u00f3n Infantil y Juvenil de Jerez (CRIJJ) puesta en marcha por el Alcalde Antonio Aceves y la Diputada Local Emma Lisset L\u00f3pez Murillo.<\/p>\n<p>Al ser la tercera en su tipo en Zacatecas, representa una oportunidad para que pacientes de Jerez y municipios cercanos accedan a un mejor desarrollo de sus habilidades sin necesidad de trasladarse a la capital.<\/p>\n<p>El \u00e1rea tiene capacidad para atender a un m\u00e1ximo de 10 pacientes diarios, con terapias de 15 a 30 minutos seg\u00fan las necesidades de cada uno y una cuota m\u00ednima de recuperaci\u00f3n de 20 pesos por sesi\u00f3n.<\/p>\n<p>Es apta para personas con edad mental de hasta 18 a\u00f1os que presenten debilidad visual, retraso psicomotor, autismo, S\u00edndrome de Asperger, S\u00edndrome de Down, y par\u00e1lisis cerebral, a excepci\u00f3n de quienes padezcan convulsiones o ataques epil\u00e9pticos.<\/p>\n<p>Acorde al diagn\u00f3stico pertinente los primeros beneficiarios ser\u00e1n 65 usuarios ya inscritos e instalados en el CRIJJ, entre ellos seis que viajaban a Zacatecas para recibir terapia multisensorial.<\/p>\n<p>La ciudadan\u00eda interesada puede agendar una cita de evaluaci\u00f3n por un costo de 50 pesos al n\u00famero 494 94 5 13 16. Deber\u00e1n presentarse los siguientes documentos: dict\u00e1men m\u00e9dico que notifique la discapacidad, CURP y acta de nacimiento.<\/p>\n","protected":false},"excerpt":{"rendered":"<div class=\"mh-excerpt\"><p>Para beneficio de ni\u00f1os y j\u00f3venes con discapacidad de la regi\u00f3n, se encuentran abiertas las inscripciones en el Aula Multisensorial del Centro de Rehabilitaci\u00f3n Infantil <a class=\"mh-excerpt-more\" href=\"https:\/\/raicesjerezanas.com\/?p=2673\" title=\"INSCRIPCIONES ABIERTAS EN EL AULA MULTISENSORIAL DEL CRIJJ\">&#8230;<\/a><\/p>\n<\/div>","protected":false},"author":1,"featured_media":2675,"comment_status":"closed","ping_status":"closed","sticky":false,"template":"","format":"standard","meta":{"footnotes":""},"categories":[102],"tags":[],"class_list":["post-2673","post","type-post","status-publish","format-standard","has-post-thumbnail","hentry","category-noticias-de-jerez"],"_links":{"self":[{"href":"https:\/\/raicesjerezanas.com\/index.php?rest_route=\/wp\/v2\/posts\/2673","targetHints":{"allow":["GET"]}}],"collection":[{"href":"https:\/\/raicesjerezanas.com\/index.php?rest_route=\/wp\/v2\/posts"}],"about":[{"href":"https:\/\/raicesjerezanas.com\/index.php?rest_route=\/wp\/v2\/types\/post"}],"author":[{"embeddable":true,"href":"https:\/\/raicesjerezanas.com\/index.php?rest_route=\/wp\/v2\/users\/1"}],"replies":[{"embeddable":true,"href":"https:\/\/raicesjerezanas.com\/index.php?rest_route=%2Fwp%2Fv2%2Fcomments&post=2673"}],"version-history":[{"count":0,"href":"https:\/\/raicesjerezanas.com\/index.php?rest_route=\/wp\/v2\/posts\/2673\/revisions"}],"wp:featuredmedia":[{"embeddable":true,"href":"https:\/\/raicesjerezanas.com\/index.php?rest_route=\/wp\/v2\/media\/2675"}],"wp:attachment":[{"href":"https:\/\/raicesjerezanas.com\/index.php?rest_route=%2Fwp%2Fv2%2Fmedia&parent=2673"}],"wp:term":[{"taxonomy":"category","embeddable":true,"href":"https:\/\/raicesjerezanas.com\/index.php?rest_route=%2Fwp%2Fv2%2Fcategories&post=2673"},{"taxonomy":"post_tag","embeddable":true,"href":"https:\/\/raicesjerezanas.com\/index.php?rest_route=%2Fwp%2Fv2%2Ftags&post=2673"}],"curies":[{"name":"wp","href":"https:\/\/api.w.org\/{rel}","templated":true}]}}