{"id":2676,"date":"2020-01-28T17:51:20","date_gmt":"2020-01-28T23:51:20","guid":{"rendered":"https:\/\/raicesjerezanas.com\/?p=2676"},"modified":"2023-07-14T04:26:34","modified_gmt":"2023-07-14T04:26:34","slug":"va-aceves-sanchez-por-el-impulso-del-sector-fruticola-de-jerez","status":"publish","type":"post","link":"https:\/\/raicesjerezanas.com\/?p=2676","title":{"rendered":"VA ACEVES S\u00c1NCHEZ POR EL IMPULSO DEL SECTOR FRUT\u00cdCOLA DE JEREZ"},"content":{"rendered":"<p>En gira de trabajo por El Cargadero y Los F\u00e9lix, el Alcalde de Jerez Antonio Aceves S\u00e1nchez, se reuni\u00f3 con m\u00e1s de 50 productores frut\u00edcolas con quienes estableci\u00f3 compromisos para favorecer su actividad en este 2020.<\/p>\n<p>Manifest\u00f3 que para su administraci\u00f3n el campo es uno de los pilares fundamentales para el desarrollo del municipio.<\/p>\n<p>En la comunidad de Los F\u00e9lix, acord\u00f3 unificar esfuerzos para buscar una mejor comercializaci\u00f3n del producto, y de igual manera brindar apoyo mediante asistencia t\u00e9cnica especializada en la producci\u00f3n de los huertos.<\/p>\n<p>Asimismo se comprometi\u00f3 con la adquisici\u00f3n de una seleccionadora de fruta para poder competir en los mercados nacionales y evitar intermediarios, lo que impactar\u00e1 en mayores ganancias para cada productor.<\/p>\n<p>En la comunidad de El Cargadero visit\u00f3 a viveristas que producen planta de durazno. Ah\u00ed, se otorgar\u00e1n apoyos como bolsas de pl\u00e1stico para la planta, mochilas, y dem\u00e1s insumos para sus labores.<\/p>\n<p>En ambas localidades, Aceves S\u00e1nchez acompa\u00f1ado por el Director de Desarrollo Econ\u00f3mico y Social, Octavio de la Torre y del Jefe de Desarrollo Agropecuario, Ram\u00f3n Luj\u00e1n Casas, supervis\u00f3 el funcionamiento de fumigadoras de turbina y otros proyectos tecnol\u00f3gicos repartidos en el 2019.<\/p>\n<p>Los productores agradecieron la visita del presidente y reconocieron su trabajo ya que \u201cnunca antes ning\u00fan alcalde hab\u00eda venido a nuestros huertos a ver qu\u00e9 nos hace falta, se lo agradecemos\u201d, se\u00f1alaron.<\/p>\n","protected":false},"excerpt":{"rendered":"<div class=\"mh-excerpt\"><p>En gira de trabajo por El Cargadero y Los F\u00e9lix, el Alcalde de Jerez Antonio Aceves S\u00e1nchez, se reuni\u00f3 con m\u00e1s de 50 productores frut\u00edcolas <a class=\"mh-excerpt-more\" href=\"https:\/\/raicesjerezanas.com\/?p=2676\" title=\"VA ACEVES S\u00c1NCHEZ POR EL IMPULSO DEL SECTOR FRUT\u00cdCOLA DE JEREZ\">&#8230;<\/a><\/p>\n<\/div>","protected":false},"author":1,"featured_media":2677,"comment_status":"closed","ping_status":"closed","sticky":false,"template":"","format":"standard","meta":{"footnotes":""},"categories":[102],"tags":[],"class_list":["post-2676","post","type-post","status-publish","format-standard","has-post-thumbnail","hentry","category-noticias-de-jerez"],"_links":{"self":[{"href":"https:\/\/raicesjerezanas.com\/index.php?rest_route=\/wp\/v2\/posts\/2676","targetHints":{"allow":["GET"]}}],"collection":[{"href":"https:\/\/raicesjerezanas.com\/index.php?rest_route=\/wp\/v2\/posts"}],"about":[{"href":"https:\/\/raicesjerezanas.com\/index.php?rest_route=\/wp\/v2\/types\/post"}],"author":[{"embeddable":true,"href":"https:\/\/raicesjerezanas.com\/index.php?rest_route=\/wp\/v2\/users\/1"}],"replies":[{"embeddable":true,"href":"https:\/\/raicesjerezanas.com\/index.php?rest_route=%2Fwp%2Fv2%2Fcomments&post=2676"}],"version-history":[{"count":0,"href":"https:\/\/raicesjerezanas.com\/index.php?rest_route=\/wp\/v2\/posts\/2676\/revisions"}],"wp:featuredmedia":[{"embeddable":true,"href":"https:\/\/raicesjerezanas.com\/index.php?rest_route=\/wp\/v2\/media\/2677"}],"wp:attachment":[{"href":"https:\/\/raicesjerezanas.com\/index.php?rest_route=%2Fwp%2Fv2%2Fmedia&parent=2676"}],"wp:term":[{"taxonomy":"category","embeddable":true,"href":"https:\/\/raicesjerezanas.com\/index.php?rest_route=%2Fwp%2Fv2%2Fcategories&post=2676"},{"taxonomy":"post_tag","embeddable":true,"href":"https:\/\/raicesjerezanas.com\/index.php?rest_route=%2Fwp%2Fv2%2Ftags&post=2676"}],"curies":[{"name":"wp","href":"https:\/\/api.w.org\/{rel}","templated":true}]}}