{"id":2678,"date":"2020-01-29T15:02:31","date_gmt":"2020-01-29T21:02:31","guid":{"rendered":"https:\/\/raicesjerezanas.com\/?p=2678"},"modified":"2023-07-14T04:26:34","modified_gmt":"2023-07-14T04:26:34","slug":"presentan-programa-de-la-jerezada-2020","status":"publish","type":"post","link":"https:\/\/raicesjerezanas.com\/?p=2678","title":{"rendered":"PRESENTAN PROGRAMA DE LA JEREZADA 2020"},"content":{"rendered":"<ul>\n<li>-Volov\u00e1n en concierto el viernes 21 de febrero<\/li>\n<\/ul>\n<p>El regreso de la tradicional novillada y una versi\u00f3n mejorada de la fiesta brava, marcar\u00e1n la Jerezada 2020 que se realizar\u00e1 del 19 al 23 de febrero.<\/p>\n<p>En el teatro Hinojosa, el Presidente Municipal de Jerez Antonio Aceves S\u00e1nchez present\u00f3 el Programa General que incluye actividades para toda la familia.<\/p>\n<p>Aceves S\u00e1nchez extendi\u00f3 una invitaci\u00f3n a todo el p\u00fablico para visitar la ciudad m\u00e1s alegre de M\u00e9xico que durante la Jerezada ofrecer\u00e1 espect\u00e1culos taurinos con novillos de calidad.<\/p>\n<p>Reconoci\u00f3 el empe\u00f1o de la Pe\u00f1a Taurina Isidro Mu\u00f1oz Rodr\u00edguez en la organizaci\u00f3n de eventos como la Jerezadita y los Encierros Diurno y Nocturno para todos los aficionados de la adrenalina, que podr\u00e1n inscribirse en el M\u00f3dulo de Turismo ubicado en la Plaza Principal.<\/p>\n<p>La inauguraci\u00f3n correr\u00e1 a cargo de la Banda Sinf\u00f3nica del Estado con un magno Concierto de Pasodobles el mi\u00e9rcoles 19 a las 7:00 pm en el teatro Hinojosa.<\/p>\n<p>Entre otros eventos destaca la presentaci\u00f3n del grupo de pop rock Volov\u00e1n, el viernes 21 de febrero a las 9 de la noche.<\/p>\n<p>El domingo 23 ser\u00e1 dedicado al mundo taurino en la Plaza de Toros La Jerezana con una novillada gratuita encabezada por Alejandro, Raudel Garc\u00eda y El\u00edas Gerardo, y por primera vez, el divertido Juego de la Oruga.<\/p>\n<p>Entre otras actividades, se presentar\u00e1n exposiciones fotogr\u00e1ficas, conferencias magistrales, presentaciones de flamenco y degustaci\u00f3n de productos t\u00edpicos jerezanos.<\/p>\n<p>En la presentaci\u00f3n estuvieron presentes Nayeli \u00c1lvarez Haro, Presidenta Honor\u00edfica del DIF Municipal, Alba Dena Pereyra, titular del Departamento de Turismo; Liborio Carrillo, Secretario de Gobierno; Jos\u00e9 \u00c1ngel Flores, Director de Obras y Servicios P\u00fablicos y Rutilo Carrera, Presidente del Comit\u00e9 de la Feria de Primavera 2020.<\/p>\n","protected":false},"excerpt":{"rendered":"<div class=\"mh-excerpt\"><p>-Volov\u00e1n en concierto el viernes 21 de febrero El regreso de la tradicional novillada y una versi\u00f3n mejorada de la fiesta brava, marcar\u00e1n la Jerezada <a class=\"mh-excerpt-more\" href=\"https:\/\/raicesjerezanas.com\/?p=2678\" title=\"PRESENTAN PROGRAMA DE LA JEREZADA 2020\">&#8230;<\/a><\/p>\n<\/div>","protected":false},"author":1,"featured_media":2679,"comment_status":"closed","ping_status":"closed","sticky":false,"template":"","format":"standard","meta":{"footnotes":""},"categories":[102],"tags":[],"class_list":["post-2678","post","type-post","status-publish","format-standard","has-post-thumbnail","hentry","category-noticias-de-jerez"],"_links":{"self":[{"href":"https:\/\/raicesjerezanas.com\/index.php?rest_route=\/wp\/v2\/posts\/2678","targetHints":{"allow":["GET"]}}],"collection":[{"href":"https:\/\/raicesjerezanas.com\/index.php?rest_route=\/wp\/v2\/posts"}],"about":[{"href":"https:\/\/raicesjerezanas.com\/index.php?rest_route=\/wp\/v2\/types\/post"}],"author":[{"embeddable":true,"href":"https:\/\/raicesjerezanas.com\/index.php?rest_route=\/wp\/v2\/users\/1"}],"replies":[{"embeddable":true,"href":"https:\/\/raicesjerezanas.com\/index.php?rest_route=%2Fwp%2Fv2%2Fcomments&post=2678"}],"version-history":[{"count":0,"href":"https:\/\/raicesjerezanas.com\/index.php?rest_route=\/wp\/v2\/posts\/2678\/revisions"}],"wp:featuredmedia":[{"embeddable":true,"href":"https:\/\/raicesjerezanas.com\/index.php?rest_route=\/wp\/v2\/media\/2679"}],"wp:attachment":[{"href":"https:\/\/raicesjerezanas.com\/index.php?rest_route=%2Fwp%2Fv2%2Fmedia&parent=2678"}],"wp:term":[{"taxonomy":"category","embeddable":true,"href":"https:\/\/raicesjerezanas.com\/index.php?rest_route=%2Fwp%2Fv2%2Fcategories&post=2678"},{"taxonomy":"post_tag","embeddable":true,"href":"https:\/\/raicesjerezanas.com\/index.php?rest_route=%2Fwp%2Fv2%2Ftags&post=2678"}],"curies":[{"name":"wp","href":"https:\/\/api.w.org\/{rel}","templated":true}]}}