{"id":2680,"date":"2020-01-29T21:17:51","date_gmt":"2020-01-30T03:17:51","guid":{"rendered":"https:\/\/raicesjerezanas.com\/?p=2680"},"modified":"2023-07-14T04:26:34","modified_gmt":"2023-07-14T04:26:34","slug":"benefician-a-familias-de-el-tambor-con-caravana-de-servicios-publicos","status":"publish","type":"post","link":"https:\/\/raicesjerezanas.com\/?p=2680","title":{"rendered":"BENEFICIAN A FAMILIAS DE EL TAMBOR CON CARAVANA DE SERVICIOS P\u00daBLICOS"},"content":{"rendered":"<p>El Gobierno Municipal que encabeza Antonio Aceves S\u00e1nchez, llev\u00f3 a la comunidad de El Tambor la Caravana de Servicios P\u00fablicos n\u00famero 15, donde m\u00e1s de 80 trabajadores atendieron diversas necesidades del poblado.<\/p>\n<p>Los trabajos se enfocaron en la mejora de imagen urbana, debido a que en pr\u00f3ximas semanas las familias celebrar\u00e1n sus fiestas patronales.<\/p>\n<p>Adem\u00e1s de supervisar las labores, Aceves S\u00e1nchez recorri\u00f3 la obra de pavimentaci\u00f3n de concreto hidr\u00e1ulico de la calle principal a trav\u00e9s del Programa Migrante del 2X1, que ya tiene un avance significativo.<\/p>\n<p>Habitantes de El Tambor agradecieron al alcalde por la atenci\u00f3n y la inmediata respuesta a la solicitud para acercar los distintos servicios.<\/p>\n<p>El Delegado Jos\u00e9 Mar\u00eda Escobedo, asegur\u00f3 que \u00abla gente est\u00e1 contenta con el apoyo del presidente, nadie antes hab\u00eda hecho lo que \u00e9l hoy hace y se lo agradecemos\u201d dijo.<\/p>\n<p>Los trabajos consistieron en la nivelaci\u00f3n de varias calles con material de calidad y maquinaria pesada; de igual manera se atendieron necesidades de alumbrado, poda de \u00e1rboles, limpia, rehabilitaci\u00f3n de \u00e1reas recreativas, mantenimiento a instituciones educativas y trabajos a cargo del SIMAPAJ.<\/p>\n<p>Aceves S\u00e1nchez tambi\u00e9n entreg\u00f3 cemento para la construcci\u00f3n del guardaganado del acceso principal de la comunidad.<\/p>\n","protected":false},"excerpt":{"rendered":"<div class=\"mh-excerpt\"><p>El Gobierno Municipal que encabeza Antonio Aceves S\u00e1nchez, llev\u00f3 a la comunidad de El Tambor la Caravana de Servicios P\u00fablicos n\u00famero 15, donde m\u00e1s de <a class=\"mh-excerpt-more\" href=\"https:\/\/raicesjerezanas.com\/?p=2680\" title=\"BENEFICIAN A FAMILIAS DE EL TAMBOR CON CARAVANA DE SERVICIOS P\u00daBLICOS\">&#8230;<\/a><\/p>\n<\/div>","protected":false},"author":1,"featured_media":2681,"comment_status":"closed","ping_status":"closed","sticky":false,"template":"","format":"standard","meta":{"footnotes":""},"categories":[102],"tags":[],"class_list":["post-2680","post","type-post","status-publish","format-standard","has-post-thumbnail","hentry","category-noticias-de-jerez"],"_links":{"self":[{"href":"https:\/\/raicesjerezanas.com\/index.php?rest_route=\/wp\/v2\/posts\/2680","targetHints":{"allow":["GET"]}}],"collection":[{"href":"https:\/\/raicesjerezanas.com\/index.php?rest_route=\/wp\/v2\/posts"}],"about":[{"href":"https:\/\/raicesjerezanas.com\/index.php?rest_route=\/wp\/v2\/types\/post"}],"author":[{"embeddable":true,"href":"https:\/\/raicesjerezanas.com\/index.php?rest_route=\/wp\/v2\/users\/1"}],"replies":[{"embeddable":true,"href":"https:\/\/raicesjerezanas.com\/index.php?rest_route=%2Fwp%2Fv2%2Fcomments&post=2680"}],"version-history":[{"count":0,"href":"https:\/\/raicesjerezanas.com\/index.php?rest_route=\/wp\/v2\/posts\/2680\/revisions"}],"wp:featuredmedia":[{"embeddable":true,"href":"https:\/\/raicesjerezanas.com\/index.php?rest_route=\/wp\/v2\/media\/2681"}],"wp:attachment":[{"href":"https:\/\/raicesjerezanas.com\/index.php?rest_route=%2Fwp%2Fv2%2Fmedia&parent=2680"}],"wp:term":[{"taxonomy":"category","embeddable":true,"href":"https:\/\/raicesjerezanas.com\/index.php?rest_route=%2Fwp%2Fv2%2Fcategories&post=2680"},{"taxonomy":"post_tag","embeddable":true,"href":"https:\/\/raicesjerezanas.com\/index.php?rest_route=%2Fwp%2Fv2%2Ftags&post=2680"}],"curies":[{"name":"wp","href":"https:\/\/api.w.org\/{rel}","templated":true}]}}