{"id":2684,"date":"2020-01-31T12:27:10","date_gmt":"2020-01-31T18:27:10","guid":{"rendered":"https:\/\/raicesjerezanas.com\/?p=2684"},"modified":"2023-07-14T04:26:34","modified_gmt":"2023-07-14T04:26:34","slug":"aprueba-cabildo-adquisicion-de-nueva-patrulla-para-seguridad-publica","status":"publish","type":"post","link":"https:\/\/raicesjerezanas.com\/?p=2684","title":{"rendered":"APRUEBA CABILDO ADQUISICI\u00d3N DE NUEVA PATRULLA PARA SEGURIDAD P\u00daBLICA"},"content":{"rendered":"<p>-Declaran el 2020 como a\u00f1o de Candelario Hu\u00edzar, \u201cPoeta Sinf\u00f3nico de Zacatecas\u201d<\/p>\n<p>En sesiones extraordinarias de Cabildo, en el Ayuntamiento de Jerez se aprob\u00f3 por unanimidad la adquisici\u00f3n de una patrulla nueva para la Direcci\u00f3n de Seguridad P\u00fablica, as\u00ed como la declaraci\u00f3n del 2020 como a\u00f1o de Candelario Hu\u00edzar, \u201cPoeta Sinf\u00f3nico de Zacatecas\u201d.<\/p>\n<p>La patrulla se obtendr\u00e1 mediante un convenio Peso a Peso con Gobierno del Estado, y una inversi\u00f3n de 350 mil pesos por parte del Ayuntamiento.<\/p>\n<p>Lo anterior, en cumplimiento al compromiso del alcalde Antonio Aceves S\u00e1nchez con la seguridad de Jerez y sus gestiones ante el Secretariado de Seguridad P\u00fablica.<\/p>\n<p>En la segunda sesi\u00f3n se aprob\u00f3 la propuesta para declarar el 2020 como a\u00f1o de Candelario Hu\u00edzar, por lo que la documentaci\u00f3n oficial del Gobierno Municipal ser\u00e1 membretada con la leyenda Candelario Hu\u00edzar \u00abPoeta Sinf\u00f3nico de Zacatecas\u00bb, en homenaje al legado del artista jerezano.<\/p>\n","protected":false},"excerpt":{"rendered":"<div class=\"mh-excerpt\"><p>-Declaran el 2020 como a\u00f1o de Candelario Hu\u00edzar, \u201cPoeta Sinf\u00f3nico de Zacatecas\u201d En sesiones extraordinarias de Cabildo, en el Ayuntamiento de Jerez se aprob\u00f3 por <a class=\"mh-excerpt-more\" href=\"https:\/\/raicesjerezanas.com\/?p=2684\" title=\"APRUEBA CABILDO ADQUISICI\u00d3N DE NUEVA PATRULLA PARA SEGURIDAD P\u00daBLICA\">&#8230;<\/a><\/p>\n<\/div>","protected":false},"author":1,"featured_media":2685,"comment_status":"closed","ping_status":"closed","sticky":false,"template":"","format":"standard","meta":{"footnotes":""},"categories":[102],"tags":[],"class_list":["post-2684","post","type-post","status-publish","format-standard","has-post-thumbnail","hentry","category-noticias-de-jerez"],"_links":{"self":[{"href":"https:\/\/raicesjerezanas.com\/index.php?rest_route=\/wp\/v2\/posts\/2684","targetHints":{"allow":["GET"]}}],"collection":[{"href":"https:\/\/raicesjerezanas.com\/index.php?rest_route=\/wp\/v2\/posts"}],"about":[{"href":"https:\/\/raicesjerezanas.com\/index.php?rest_route=\/wp\/v2\/types\/post"}],"author":[{"embeddable":true,"href":"https:\/\/raicesjerezanas.com\/index.php?rest_route=\/wp\/v2\/users\/1"}],"replies":[{"embeddable":true,"href":"https:\/\/raicesjerezanas.com\/index.php?rest_route=%2Fwp%2Fv2%2Fcomments&post=2684"}],"version-history":[{"count":0,"href":"https:\/\/raicesjerezanas.com\/index.php?rest_route=\/wp\/v2\/posts\/2684\/revisions"}],"wp:featuredmedia":[{"embeddable":true,"href":"https:\/\/raicesjerezanas.com\/index.php?rest_route=\/wp\/v2\/media\/2685"}],"wp:attachment":[{"href":"https:\/\/raicesjerezanas.com\/index.php?rest_route=%2Fwp%2Fv2%2Fmedia&parent=2684"}],"wp:term":[{"taxonomy":"category","embeddable":true,"href":"https:\/\/raicesjerezanas.com\/index.php?rest_route=%2Fwp%2Fv2%2Fcategories&post=2684"},{"taxonomy":"post_tag","embeddable":true,"href":"https:\/\/raicesjerezanas.com\/index.php?rest_route=%2Fwp%2Fv2%2Ftags&post=2684"}],"curies":[{"name":"wp","href":"https:\/\/api.w.org\/{rel}","templated":true}]}}