{"id":2686,"date":"2020-01-31T12:29:55","date_gmt":"2020-01-31T18:29:55","guid":{"rendered":"https:\/\/raicesjerezanas.com\/?p=2686"},"modified":"2023-07-14T04:26:34","modified_gmt":"2023-07-14T04:26:34","slug":"inicia-entrega-de-cuadernos-reciclados-en-jerez","status":"publish","type":"post","link":"https:\/\/raicesjerezanas.com\/?p=2686","title":{"rendered":"INICIA ENTREGA DE CUADERNOS RECICLADOS EN JEREZ"},"content":{"rendered":"<p>En beneficio de estudiantes de escasos recursos, el Gobierno Municipal a trav\u00e9s del Instituto Jerezano de Cultura (IJC), entreg\u00f3 40 cuadernos elaborados por Personas Privadas de la Libertad (PPL) en la comunidad de Sauz de los Garc\u00eda.<\/p>\n<p>Dentro de la campa\u00f1a Tu Papel es Reciclar, el Instituto que dirige Miguel \u00c1ngel Salcedo Quezada, tiene listas 280 libretas reencuadernadas que ser\u00e1n distribuidas en el medio rural para cumplir sus objetivos de cuidar al medio ambiente y respaldar la econom\u00eda familiar.<\/p>\n<p>A dichos fines se sum\u00f3 el Centro Penitenciario de Jerez que por medio de las PPL aport\u00f3 con el la separaci\u00f3n de hojas y armado del material de reciclaje que don\u00f3 la ciudadan\u00eda.<\/p>\n<p>Los planteles beneficiados fueron el Preescolar Rosario Castellano y la Primaria L\u00e1zaro C\u00e1rdenas. Adicionalmente los alumnos recibieron actividades de lectoescritura mediante la Caravana Cultural Escolar.<\/p>\n<p>Misteriosas y divertidas historias fueron narradas por un cuenta cuentos, seguidas de la pr\u00e1ctica de trabalenguas y elaboraci\u00f3n de dibujos. Bajo la tem\u00e1tica de la ocasi\u00f3n, tambi\u00e9n se les entregaron libros donados por la Diputada Federal Jackie Mart\u00ednez Ju\u00e1rez.<\/p>\n","protected":false},"excerpt":{"rendered":"<div class=\"mh-excerpt\"><p>En beneficio de estudiantes de escasos recursos, el Gobierno Municipal a trav\u00e9s del Instituto Jerezano de Cultura (IJC), entreg\u00f3 40 cuadernos elaborados por Personas Privadas <a class=\"mh-excerpt-more\" href=\"https:\/\/raicesjerezanas.com\/?p=2686\" title=\"INICIA ENTREGA DE CUADERNOS RECICLADOS EN JEREZ\">&#8230;<\/a><\/p>\n<\/div>","protected":false},"author":1,"featured_media":2687,"comment_status":"closed","ping_status":"closed","sticky":false,"template":"","format":"standard","meta":{"footnotes":""},"categories":[102],"tags":[],"class_list":["post-2686","post","type-post","status-publish","format-standard","has-post-thumbnail","hentry","category-noticias-de-jerez"],"_links":{"self":[{"href":"https:\/\/raicesjerezanas.com\/index.php?rest_route=\/wp\/v2\/posts\/2686","targetHints":{"allow":["GET"]}}],"collection":[{"href":"https:\/\/raicesjerezanas.com\/index.php?rest_route=\/wp\/v2\/posts"}],"about":[{"href":"https:\/\/raicesjerezanas.com\/index.php?rest_route=\/wp\/v2\/types\/post"}],"author":[{"embeddable":true,"href":"https:\/\/raicesjerezanas.com\/index.php?rest_route=\/wp\/v2\/users\/1"}],"replies":[{"embeddable":true,"href":"https:\/\/raicesjerezanas.com\/index.php?rest_route=%2Fwp%2Fv2%2Fcomments&post=2686"}],"version-history":[{"count":0,"href":"https:\/\/raicesjerezanas.com\/index.php?rest_route=\/wp\/v2\/posts\/2686\/revisions"}],"wp:featuredmedia":[{"embeddable":true,"href":"https:\/\/raicesjerezanas.com\/index.php?rest_route=\/wp\/v2\/media\/2687"}],"wp:attachment":[{"href":"https:\/\/raicesjerezanas.com\/index.php?rest_route=%2Fwp%2Fv2%2Fmedia&parent=2686"}],"wp:term":[{"taxonomy":"category","embeddable":true,"href":"https:\/\/raicesjerezanas.com\/index.php?rest_route=%2Fwp%2Fv2%2Fcategories&post=2686"},{"taxonomy":"post_tag","embeddable":true,"href":"https:\/\/raicesjerezanas.com\/index.php?rest_route=%2Fwp%2Fv2%2Ftags&post=2686"}],"curies":[{"name":"wp","href":"https:\/\/api.w.org\/{rel}","templated":true}]}}