{"id":2688,"date":"2020-01-31T13:01:59","date_gmt":"2020-01-31T19:01:59","guid":{"rendered":"https:\/\/raicesjerezanas.com\/?p=2688"},"modified":"2023-07-14T04:26:34","modified_gmt":"2023-07-14T04:26:34","slug":"emite-pc-alerta-ante-la-presencia-de-fuertes-vientos-en-jerez","status":"publish","type":"post","link":"https:\/\/raicesjerezanas.com\/?p=2688","title":{"rendered":"EMITE PC ALERTA ANTE LA PRESENCIA DE FUERTES VIENTOS EN JEREZ"},"content":{"rendered":"<p>La Coordinaci\u00f3n Municipal de Protecci\u00f3n Civil de Jerez emiti\u00f3 una alerta ante las r\u00e1fagas de viento que se presentar\u00e1n en pr\u00f3ximos d\u00edas, con la intenci\u00f3n de prevenir accidentes y colapsos en zonas de riesgo.<\/p>\n<p>El Coordinador Roberto Rosales Col\u00f3n, recomend\u00f3 asegurar tapas de tinacos, l\u00e1minas y otros objetos en azoteas que se puedan convertir en proyectiles y provocar lesiones severas a transe\u00fantes o da\u00f1os materiales.<\/p>\n<p>Manuel Cabral Acevedo, del \u00e1rea de Gesti\u00f3n de Riesgos, precis\u00f3 que es importante extremar precauciones y adoptar medidas de seguridad ante el riesgo de ca\u00edda de ramas, \u00e1rboles, cables de tendido el\u00e9ctrico y anuncios, entre otros.<\/p>\n<p>Asimismo debe evitarse transitar cerca de fincas en riesgo de derrumbe, y destac\u00f3 las ubicadas en Centro Hist\u00f3rico en las calles Aurora, Rosales, Artes, Moctezuma, Libertad, Del Espejo, Parroquia, Ray\u00f3n, Independencia y 5 de mayo.<\/p>\n<p>Respecto a zonas con \u00e1rboles en riesgo est\u00e1n las escuelas Secundarias Ram\u00f3n L\u00f3pez Velarde, Francisco Garc\u00eda Salinas y Constituyentes de 1917; la Preparatoria Francisco Garc\u00eda Salinas, el Cetis 114, as\u00ed como los ubicados en Prolongaci\u00f3n Reforma esquina con Francisco Villa de colonia Zaragoza, Prolongaci\u00f3n Galeana y el Estadio Ram\u00f3n L\u00f3pez Velarde.<\/p>\n","protected":false},"excerpt":{"rendered":"<div class=\"mh-excerpt\"><p>La Coordinaci\u00f3n Municipal de Protecci\u00f3n Civil de Jerez emiti\u00f3 una alerta ante las r\u00e1fagas de viento que se presentar\u00e1n en pr\u00f3ximos d\u00edas, con la intenci\u00f3n <a class=\"mh-excerpt-more\" href=\"https:\/\/raicesjerezanas.com\/?p=2688\" title=\"EMITE PC ALERTA ANTE LA PRESENCIA DE FUERTES VIENTOS EN JEREZ\">&#8230;<\/a><\/p>\n<\/div>","protected":false},"author":1,"featured_media":2689,"comment_status":"closed","ping_status":"closed","sticky":false,"template":"","format":"standard","meta":{"footnotes":""},"categories":[102],"tags":[],"class_list":["post-2688","post","type-post","status-publish","format-standard","has-post-thumbnail","hentry","category-noticias-de-jerez"],"_links":{"self":[{"href":"https:\/\/raicesjerezanas.com\/index.php?rest_route=\/wp\/v2\/posts\/2688","targetHints":{"allow":["GET"]}}],"collection":[{"href":"https:\/\/raicesjerezanas.com\/index.php?rest_route=\/wp\/v2\/posts"}],"about":[{"href":"https:\/\/raicesjerezanas.com\/index.php?rest_route=\/wp\/v2\/types\/post"}],"author":[{"embeddable":true,"href":"https:\/\/raicesjerezanas.com\/index.php?rest_route=\/wp\/v2\/users\/1"}],"replies":[{"embeddable":true,"href":"https:\/\/raicesjerezanas.com\/index.php?rest_route=%2Fwp%2Fv2%2Fcomments&post=2688"}],"version-history":[{"count":0,"href":"https:\/\/raicesjerezanas.com\/index.php?rest_route=\/wp\/v2\/posts\/2688\/revisions"}],"wp:featuredmedia":[{"embeddable":true,"href":"https:\/\/raicesjerezanas.com\/index.php?rest_route=\/wp\/v2\/media\/2689"}],"wp:attachment":[{"href":"https:\/\/raicesjerezanas.com\/index.php?rest_route=%2Fwp%2Fv2%2Fmedia&parent=2688"}],"wp:term":[{"taxonomy":"category","embeddable":true,"href":"https:\/\/raicesjerezanas.com\/index.php?rest_route=%2Fwp%2Fv2%2Fcategories&post=2688"},{"taxonomy":"post_tag","embeddable":true,"href":"https:\/\/raicesjerezanas.com\/index.php?rest_route=%2Fwp%2Fv2%2Ftags&post=2688"}],"curies":[{"name":"wp","href":"https:\/\/api.w.org\/{rel}","templated":true}]}}