{"id":2690,"date":"2020-01-31T16:16:30","date_gmt":"2020-01-31T22:16:30","guid":{"rendered":"https:\/\/raicesjerezanas.com\/?p=2690"},"modified":"2023-07-14T04:26:33","modified_gmt":"2023-07-14T04:26:33","slug":"previenen-enfermedades-con-campana-de-vacunacion-en-dif-municipal","status":"publish","type":"post","link":"https:\/\/raicesjerezanas.com\/?p=2690","title":{"rendered":"PREVIENEN ENFERMEDADES CON CAMPA\u00d1A DE VACUNACI\u00d3N EN DIF MUNICIPAL"},"content":{"rendered":"<p>A fin de prevenir enfermedades respiratorias entre la poblaci\u00f3n, el DIF Municipal en conjunto con el Centro de Salud organiz\u00f3 una Jornada de Vacunaci\u00f3n contra el virus de la influenza.<\/p>\n<p>Es importante que la ciudadan\u00eda participe en la cultura de la prevenci\u00f3n de enfermedades y como autoridades tenemos que brindar las condiciones para ese objetivo, se\u00f1al\u00f3 la Directora Susana de la Torre Arg\u00fcelles.<\/p>\n<p>Por tal motivo y con especial atenci\u00f3n a embarazadas, ni\u00f1os y adultos mayores, personal m\u00e9dico especializado aplic\u00f3 dosis de la vacuna anti influenza con cepas A y B.<br \/>\nTambi\u00e9n accedieron al servicio personas de todas las edades, por lo que se brind\u00f3 atenci\u00f3n a m\u00e1s de 70 personas durante el d\u00eda.<\/p>\n<p>Los primeros en sumarse al llamado fueron funcionarios del Ayuntamiento 2018-2021, que invitaron a la ciudadan\u00eda a acercarse a las unidades m\u00e9dicas familiares para prevenir contagios por este virus que es el m\u00e1s agresivo en la temporada de fr\u00edo.<\/p>\n<p>El Centro de Salud continuar\u00e1 con la aplicaci\u00f3n de la vacuna hasta finales de febrero de 9:00 de la ma\u00f1ana a 2:30 de la tarde en sus instalaciones.<\/p>\n","protected":false},"excerpt":{"rendered":"<div class=\"mh-excerpt\"><p>A fin de prevenir enfermedades respiratorias entre la poblaci\u00f3n, el DIF Municipal en conjunto con el Centro de Salud organiz\u00f3 una Jornada de Vacunaci\u00f3n contra <a class=\"mh-excerpt-more\" href=\"https:\/\/raicesjerezanas.com\/?p=2690\" title=\"PREVIENEN ENFERMEDADES CON CAMPA\u00d1A DE VACUNACI\u00d3N EN DIF MUNICIPAL\">&#8230;<\/a><\/p>\n<\/div>","protected":false},"author":1,"featured_media":2691,"comment_status":"closed","ping_status":"closed","sticky":false,"template":"","format":"standard","meta":{"footnotes":""},"categories":[102],"tags":[],"class_list":["post-2690","post","type-post","status-publish","format-standard","has-post-thumbnail","hentry","category-noticias-de-jerez"],"_links":{"self":[{"href":"https:\/\/raicesjerezanas.com\/index.php?rest_route=\/wp\/v2\/posts\/2690","targetHints":{"allow":["GET"]}}],"collection":[{"href":"https:\/\/raicesjerezanas.com\/index.php?rest_route=\/wp\/v2\/posts"}],"about":[{"href":"https:\/\/raicesjerezanas.com\/index.php?rest_route=\/wp\/v2\/types\/post"}],"author":[{"embeddable":true,"href":"https:\/\/raicesjerezanas.com\/index.php?rest_route=\/wp\/v2\/users\/1"}],"replies":[{"embeddable":true,"href":"https:\/\/raicesjerezanas.com\/index.php?rest_route=%2Fwp%2Fv2%2Fcomments&post=2690"}],"version-history":[{"count":0,"href":"https:\/\/raicesjerezanas.com\/index.php?rest_route=\/wp\/v2\/posts\/2690\/revisions"}],"wp:featuredmedia":[{"embeddable":true,"href":"https:\/\/raicesjerezanas.com\/index.php?rest_route=\/wp\/v2\/media\/2691"}],"wp:attachment":[{"href":"https:\/\/raicesjerezanas.com\/index.php?rest_route=%2Fwp%2Fv2%2Fmedia&parent=2690"}],"wp:term":[{"taxonomy":"category","embeddable":true,"href":"https:\/\/raicesjerezanas.com\/index.php?rest_route=%2Fwp%2Fv2%2Fcategories&post=2690"},{"taxonomy":"post_tag","embeddable":true,"href":"https:\/\/raicesjerezanas.com\/index.php?rest_route=%2Fwp%2Fv2%2Ftags&post=2690"}],"curies":[{"name":"wp","href":"https:\/\/api.w.org\/{rel}","templated":true}]}}