{"id":2694,"date":"2020-02-02T20:06:12","date_gmt":"2020-02-03T02:06:12","guid":{"rendered":"https:\/\/raicesjerezanas.com\/?p=2694"},"modified":"2023-07-14T04:26:33","modified_gmt":"2023-07-14T04:26:33","slug":"inicia-organizacion-de-la-expo-ganadera-jerez-2020","status":"publish","type":"post","link":"https:\/\/raicesjerezanas.com\/?p=2694","title":{"rendered":"INICIA ORGANIZACI\u00d3N DE LA EXPO-GANADERA JEREZ 2020"},"content":{"rendered":"<p>El Presidente Municipal Antonio Aceves S\u00e1nchez, se reuni\u00f3 con representantes de la Asociaci\u00f3n de Criadores de Razas Puras de Jerez, con lo que inici\u00f3 la organizaci\u00f3n de la Expo-Ganadera para la Feria de Primavera 2020.<\/p>\n<p>Aceves S\u00e1nchez coment\u00f3 que es vital unir esfuerzos con el gremio local por la importancia que tiene en el desarrollo econ\u00f3mico y productivo de Jerez, y que con su experiencia se ofrezca una mejor exposici\u00f3n.<\/p>\n<p>La intenci\u00f3n, dijo, es que la Expo-Ganadera se distinga por su calidad y buena planeaci\u00f3n, por lo que realizar\u00e1n mesas de trabajo peri\u00f3dicamente para unir distintos criterios y nutrir el proyecto.<\/p>\n<p>En representaci\u00f3n de los productores jerezanos, Antonio S\u00e1nchez Guerrero agradeci\u00f3 al alcalde por voltear a ver a la sociedad e involucrarlos en la organizaci\u00f3n de las distintas actividades feriales.<\/p>\n<p>Asegur\u00f3 que buscar\u00e1n tener una buena coordinaci\u00f3n sobre todo para privilegiar a los productores de Jerez, y dar un excelente trato a expositores de otros municipios.<\/p>\n","protected":false},"excerpt":{"rendered":"<div class=\"mh-excerpt\"><p>El Presidente Municipal Antonio Aceves S\u00e1nchez, se reuni\u00f3 con representantes de la Asociaci\u00f3n de Criadores de Razas Puras de Jerez, con lo que inici\u00f3 la <a class=\"mh-excerpt-more\" href=\"https:\/\/raicesjerezanas.com\/?p=2694\" title=\"INICIA ORGANIZACI\u00d3N DE LA EXPO-GANADERA JEREZ 2020\">&#8230;<\/a><\/p>\n<\/div>","protected":false},"author":1,"featured_media":2695,"comment_status":"closed","ping_status":"closed","sticky":false,"template":"","format":"standard","meta":{"footnotes":""},"categories":[102],"tags":[],"class_list":["post-2694","post","type-post","status-publish","format-standard","has-post-thumbnail","hentry","category-noticias-de-jerez"],"_links":{"self":[{"href":"https:\/\/raicesjerezanas.com\/index.php?rest_route=\/wp\/v2\/posts\/2694","targetHints":{"allow":["GET"]}}],"collection":[{"href":"https:\/\/raicesjerezanas.com\/index.php?rest_route=\/wp\/v2\/posts"}],"about":[{"href":"https:\/\/raicesjerezanas.com\/index.php?rest_route=\/wp\/v2\/types\/post"}],"author":[{"embeddable":true,"href":"https:\/\/raicesjerezanas.com\/index.php?rest_route=\/wp\/v2\/users\/1"}],"replies":[{"embeddable":true,"href":"https:\/\/raicesjerezanas.com\/index.php?rest_route=%2Fwp%2Fv2%2Fcomments&post=2694"}],"version-history":[{"count":0,"href":"https:\/\/raicesjerezanas.com\/index.php?rest_route=\/wp\/v2\/posts\/2694\/revisions"}],"wp:featuredmedia":[{"embeddable":true,"href":"https:\/\/raicesjerezanas.com\/index.php?rest_route=\/wp\/v2\/media\/2695"}],"wp:attachment":[{"href":"https:\/\/raicesjerezanas.com\/index.php?rest_route=%2Fwp%2Fv2%2Fmedia&parent=2694"}],"wp:term":[{"taxonomy":"category","embeddable":true,"href":"https:\/\/raicesjerezanas.com\/index.php?rest_route=%2Fwp%2Fv2%2Fcategories&post=2694"},{"taxonomy":"post_tag","embeddable":true,"href":"https:\/\/raicesjerezanas.com\/index.php?rest_route=%2Fwp%2Fv2%2Ftags&post=2694"}],"curies":[{"name":"wp","href":"https:\/\/api.w.org\/{rel}","templated":true}]}}