{"id":2708,"date":"2020-02-08T13:38:24","date_gmt":"2020-02-08T19:38:24","guid":{"rendered":"https:\/\/raicesjerezanas.com\/?p=2708"},"modified":"2023-07-14T04:26:30","modified_gmt":"2023-07-14T04:26:30","slug":"presentan-a-las-bellas-candidatas-de-la-feria-de-primavera-jerez-2020","status":"publish","type":"post","link":"https:\/\/raicesjerezanas.com\/?p=2708","title":{"rendered":"PRESENTAN A\u00a0LAS BELLAS CANDIDATAS DE LA FERIA DE PRIMAVERA JEREZ 2020"},"content":{"rendered":"<p>Luciendo gran belleza y simpat\u00eda, Karina, Mariana y Galilea fueron presentadas como candidatas a Reina de la Feria de Primavera Jerez 2020.<\/p>\n<p>El evento realizado en el Foyer del teatro Hinojosa fue presidido por el Alcalde Antonio Aceves S\u00e1nchez, su esposa Nayeli \u00c1lvarez Haro y la Corte Real de la Feria 2019, Karen I, Diana y Mariana.<\/p>\n<p>Aceves S\u00e1nchez asegur\u00f3 que para este a\u00f1o, en la m\u00e1xima fiesta de los jerezanos se rescatar\u00e1 la uni\u00f3n familiar entorno a la alegr\u00eda que caracteriza al Pueblo M\u00e1gico como la ciudad m\u00e1s alegre de M\u00e9xico, por medio eventos de gran calidad para el disfrute de todos.<\/p>\n<p>Expres\u00f3 que las aspirantes al t\u00edtulo de Reina no solo deben distinguirse por su belleza sino por el cari\u00f1o a su tierra, y as\u00ed, las invit\u00f3 a respaldar acciones que favorezcan a la gente.<\/p>\n<p>Con porte, distinci\u00f3n y elegancia, las tres j\u00f3venes se lucieron en una pasarela conformada por distintas etapas, y ante el p\u00fablico revelaron sus metas como representantes de Jerez, por medio de valores como responsabilidad, respeto y honestidad.<\/p>\n","protected":false},"excerpt":{"rendered":"<div class=\"mh-excerpt\"><p>Luciendo gran belleza y simpat\u00eda, Karina, Mariana y Galilea fueron presentadas como candidatas a Reina de la Feria de Primavera Jerez 2020. El evento realizado <a class=\"mh-excerpt-more\" href=\"https:\/\/raicesjerezanas.com\/?p=2708\" title=\"PRESENTAN A\u00a0LAS BELLAS CANDIDATAS DE LA FERIA DE PRIMAVERA JEREZ 2020\">&#8230;<\/a><\/p>\n<\/div>","protected":false},"author":1,"featured_media":2709,"comment_status":"closed","ping_status":"closed","sticky":false,"template":"","format":"standard","meta":{"footnotes":""},"categories":[102],"tags":[],"class_list":["post-2708","post","type-post","status-publish","format-standard","has-post-thumbnail","hentry","category-noticias-de-jerez"],"_links":{"self":[{"href":"https:\/\/raicesjerezanas.com\/index.php?rest_route=\/wp\/v2\/posts\/2708","targetHints":{"allow":["GET"]}}],"collection":[{"href":"https:\/\/raicesjerezanas.com\/index.php?rest_route=\/wp\/v2\/posts"}],"about":[{"href":"https:\/\/raicesjerezanas.com\/index.php?rest_route=\/wp\/v2\/types\/post"}],"author":[{"embeddable":true,"href":"https:\/\/raicesjerezanas.com\/index.php?rest_route=\/wp\/v2\/users\/1"}],"replies":[{"embeddable":true,"href":"https:\/\/raicesjerezanas.com\/index.php?rest_route=%2Fwp%2Fv2%2Fcomments&post=2708"}],"version-history":[{"count":0,"href":"https:\/\/raicesjerezanas.com\/index.php?rest_route=\/wp\/v2\/posts\/2708\/revisions"}],"wp:featuredmedia":[{"embeddable":true,"href":"https:\/\/raicesjerezanas.com\/index.php?rest_route=\/wp\/v2\/media\/2709"}],"wp:attachment":[{"href":"https:\/\/raicesjerezanas.com\/index.php?rest_route=%2Fwp%2Fv2%2Fmedia&parent=2708"}],"wp:term":[{"taxonomy":"category","embeddable":true,"href":"https:\/\/raicesjerezanas.com\/index.php?rest_route=%2Fwp%2Fv2%2Fcategories&post=2708"},{"taxonomy":"post_tag","embeddable":true,"href":"https:\/\/raicesjerezanas.com\/index.php?rest_route=%2Fwp%2Fv2%2Ftags&post=2708"}],"curies":[{"name":"wp","href":"https:\/\/api.w.org\/{rel}","templated":true}]}}