{"id":2710,"date":"2020-02-09T16:22:29","date_gmt":"2020-02-09T22:22:29","guid":{"rendered":"https:\/\/raicesjerezanas.com\/?p=2710"},"modified":"2023-07-14T04:26:29","modified_gmt":"2023-07-14T04:26:29","slug":"jerez-se-hermana-con-pueblos-magicos-de-jalisco","status":"publish","type":"post","link":"https:\/\/raicesjerezanas.com\/?p=2710","title":{"rendered":"JEREZ SE HERMANA CON PUEBLOS M\u00c1GICOS DE JALISCO"},"content":{"rendered":"<p>Jerez fue invitado especial del Primer Festival de Pueblos M\u00e1gicos de Jalisco, donde firm\u00f3 un Convenio de Hermanamiento para favorecer la promoci\u00f3n tur\u00edstica de sus atractivos.<\/p>\n<p>En representaci\u00f3n del Alcalde Antonio Aceves S\u00e1nchez, el Tesorero Municipal Jes\u00fas Rodr\u00edguez del Muro firm\u00f3 el convenio con Tequila, Tapalpa, Talpa de Allende, San Sebasti\u00e1n del Oeste, Tlaquepaque, Mascota y Lagos de Moreno, Jalisco.<\/p>\n<p>En el evento con sede en Mazamitla, Jerez represent\u00f3 a los Pueblos M\u00e1gicos de Zacatecas en su stand que di\u00f3 muestra de la riqueza gastron\u00f3mica y artesanal que le dan identidad como la ciudad m\u00e1s alegre de M\u00e9xico.<\/p>\n<p>Alba Dena Pereyra, Titular de Turismo Municipal, expres\u00f3 que el compromiso es potenciar las riquezas del municipio, por lo que se ha buscado participar en diversas actividades de intercambio tur\u00edstico y cultural.<\/p>\n<p>En la Plaza Principal Jos\u00e9 Parras Arias se expusieron productos de agroindustria, joyer\u00eda, las tradicionales tostadas y productos tur\u00edsticos como la Sierra de Cardos.<\/p>\n<p>Dena Pereyra inform\u00f3 que tambi\u00e9n contin\u00faa el Hermanamiento con Pur\u00edsima del Rinc\u00f3n, Guanajuato, que el pr\u00f3ximo fin de semana se presentar\u00e1 en el teatro Hinojosa con su Orquesta Sinf\u00f3nica Juvenil.<\/p>\n","protected":false},"excerpt":{"rendered":"<div class=\"mh-excerpt\"><p>Jerez fue invitado especial del Primer Festival de Pueblos M\u00e1gicos de Jalisco, donde firm\u00f3 un Convenio de Hermanamiento para favorecer la promoci\u00f3n tur\u00edstica de sus <a class=\"mh-excerpt-more\" href=\"https:\/\/raicesjerezanas.com\/?p=2710\" title=\"JEREZ SE HERMANA CON PUEBLOS M\u00c1GICOS DE JALISCO\">&#8230;<\/a><\/p>\n<\/div>","protected":false},"author":1,"featured_media":2711,"comment_status":"closed","ping_status":"closed","sticky":false,"template":"","format":"standard","meta":{"footnotes":""},"categories":[102],"tags":[],"class_list":["post-2710","post","type-post","status-publish","format-standard","has-post-thumbnail","hentry","category-noticias-de-jerez"],"_links":{"self":[{"href":"https:\/\/raicesjerezanas.com\/index.php?rest_route=\/wp\/v2\/posts\/2710","targetHints":{"allow":["GET"]}}],"collection":[{"href":"https:\/\/raicesjerezanas.com\/index.php?rest_route=\/wp\/v2\/posts"}],"about":[{"href":"https:\/\/raicesjerezanas.com\/index.php?rest_route=\/wp\/v2\/types\/post"}],"author":[{"embeddable":true,"href":"https:\/\/raicesjerezanas.com\/index.php?rest_route=\/wp\/v2\/users\/1"}],"replies":[{"embeddable":true,"href":"https:\/\/raicesjerezanas.com\/index.php?rest_route=%2Fwp%2Fv2%2Fcomments&post=2710"}],"version-history":[{"count":0,"href":"https:\/\/raicesjerezanas.com\/index.php?rest_route=\/wp\/v2\/posts\/2710\/revisions"}],"wp:featuredmedia":[{"embeddable":true,"href":"https:\/\/raicesjerezanas.com\/index.php?rest_route=\/wp\/v2\/media\/2711"}],"wp:attachment":[{"href":"https:\/\/raicesjerezanas.com\/index.php?rest_route=%2Fwp%2Fv2%2Fmedia&parent=2710"}],"wp:term":[{"taxonomy":"category","embeddable":true,"href":"https:\/\/raicesjerezanas.com\/index.php?rest_route=%2Fwp%2Fv2%2Fcategories&post=2710"},{"taxonomy":"post_tag","embeddable":true,"href":"https:\/\/raicesjerezanas.com\/index.php?rest_route=%2Fwp%2Fv2%2Ftags&post=2710"}],"curies":[{"name":"wp","href":"https:\/\/api.w.org\/{rel}","templated":true}]}}