{"id":2712,"date":"2020-02-10T11:35:08","date_gmt":"2020-02-10T17:35:08","guid":{"rendered":"https:\/\/raicesjerezanas.com\/?p=2712"},"modified":"2023-07-14T04:26:29","modified_gmt":"2023-07-14T04:26:29","slug":"entrega-dif-municipal-ropa-invernal-a-personas-de-escasos-recursos","status":"publish","type":"post","link":"https:\/\/raicesjerezanas.com\/?p=2712","title":{"rendered":"ENTREGA DIF MUNICIPAL ROPA INVERNAL A PERSONAS DE ESCASOS RECURSOS"},"content":{"rendered":"<p>150 personas en condici\u00f3n de vulnerabilidad fueron beneficiados por el DIF Municipal de Jerez con la entrega de ropa en esta temporada invernal.<\/p>\n<p>Por medio de promotores y personal de la Instituci\u00f3n, se repartieron boletos canjeables en distintas colonias y comunidades con el fin de aminorar la carga econ\u00f3mica de familias previamente identificadas.<\/p>\n<p>En representaci\u00f3n de la Presidenta Honor\u00edfica Nayeli \u00c1lvarez Haro, la Directora Susana de la Torre Arg\u00fcelles, asegur\u00f3 que las personas que lo necesiten y no hayan recibido boletos, pueden acudir a sus instalaciones para adquirir algunas de las prendas donadas con la buena voluntad de los jerezanos.<\/p>\n<p>En este sentido record\u00f3 que el DIF Municipal est\u00e1 abierto para cualquier donativo, ya sea de ropa, medicamento, aparatos funcionales y otros art\u00edculos en buenas condiciones que puedan favorecer a alguien m\u00e1s.<\/p>\n","protected":false},"excerpt":{"rendered":"<div class=\"mh-excerpt\"><p>150 personas en condici\u00f3n de vulnerabilidad fueron beneficiados por el DIF Municipal de Jerez con la entrega de ropa en esta temporada invernal. Por medio <a class=\"mh-excerpt-more\" href=\"https:\/\/raicesjerezanas.com\/?p=2712\" title=\"ENTREGA DIF MUNICIPAL ROPA INVERNAL A PERSONAS DE ESCASOS RECURSOS\">&#8230;<\/a><\/p>\n<\/div>","protected":false},"author":1,"featured_media":2713,"comment_status":"closed","ping_status":"closed","sticky":false,"template":"","format":"standard","meta":{"footnotes":""},"categories":[102],"tags":[],"class_list":["post-2712","post","type-post","status-publish","format-standard","has-post-thumbnail","hentry","category-noticias-de-jerez"],"_links":{"self":[{"href":"https:\/\/raicesjerezanas.com\/index.php?rest_route=\/wp\/v2\/posts\/2712","targetHints":{"allow":["GET"]}}],"collection":[{"href":"https:\/\/raicesjerezanas.com\/index.php?rest_route=\/wp\/v2\/posts"}],"about":[{"href":"https:\/\/raicesjerezanas.com\/index.php?rest_route=\/wp\/v2\/types\/post"}],"author":[{"embeddable":true,"href":"https:\/\/raicesjerezanas.com\/index.php?rest_route=\/wp\/v2\/users\/1"}],"replies":[{"embeddable":true,"href":"https:\/\/raicesjerezanas.com\/index.php?rest_route=%2Fwp%2Fv2%2Fcomments&post=2712"}],"version-history":[{"count":0,"href":"https:\/\/raicesjerezanas.com\/index.php?rest_route=\/wp\/v2\/posts\/2712\/revisions"}],"wp:featuredmedia":[{"embeddable":true,"href":"https:\/\/raicesjerezanas.com\/index.php?rest_route=\/wp\/v2\/media\/2713"}],"wp:attachment":[{"href":"https:\/\/raicesjerezanas.com\/index.php?rest_route=%2Fwp%2Fv2%2Fmedia&parent=2712"}],"wp:term":[{"taxonomy":"category","embeddable":true,"href":"https:\/\/raicesjerezanas.com\/index.php?rest_route=%2Fwp%2Fv2%2Fcategories&post=2712"},{"taxonomy":"post_tag","embeddable":true,"href":"https:\/\/raicesjerezanas.com\/index.php?rest_route=%2Fwp%2Fv2%2Ftags&post=2712"}],"curies":[{"name":"wp","href":"https:\/\/api.w.org\/{rel}","templated":true}]}}