{"id":2716,"date":"2020-02-11T08:29:09","date_gmt":"2020-02-11T14:29:09","guid":{"rendered":"https:\/\/raicesjerezanas.com\/?p=2716"},"modified":"2023-07-14T04:26:29","modified_gmt":"2023-07-14T04:26:29","slug":"construyen-arriates-en-area-reforestada-de-la-galeana","status":"publish","type":"post","link":"https:\/\/raicesjerezanas.com\/?p=2716","title":{"rendered":"CONSTRUYEN ARRIATES EN \u00c1REA REFORESTADA DE LA GALEANA"},"content":{"rendered":"<p>En conjunto con la Asociaci\u00f3n Civil Sembrando Conciencias, el Ayuntamiento de Jerez construir\u00e1 36 arriates para proteger los \u00e1rboles reci\u00e9n plantados en la calle Galeana.<\/p>\n<p>El Director de Obras y Servicios P\u00fablicos Jos\u00e9 \u00c1ngel Flores Guti\u00e9rrez, coment\u00f3 que estos trabajos atienden al compromiso del Presidente Antonio Aceves S\u00e1nchez con crear mejores espacios de esparcimiento para los jerezanos y cuidar el medio ambiente.<\/p>\n<p>Diariamente se colocar\u00e1n de dos a tres arriates de concreto para las jacarandas plantadas en la zona.<\/p>\n<p>Finalmente, Flores Guti\u00e9rrez llam\u00f3 a los ciudadanos a contribuir con el cuidado de las obras, continuar con la protecci\u00f3n de las especies y tambi\u00e9n denunciar cualquier tipo de acto vand\u00e1lico.<\/p>\n","protected":false},"excerpt":{"rendered":"<div class=\"mh-excerpt\"><p>En conjunto con la Asociaci\u00f3n Civil Sembrando Conciencias, el Ayuntamiento de Jerez construir\u00e1 36 arriates para proteger los \u00e1rboles reci\u00e9n plantados en la calle Galeana. <a class=\"mh-excerpt-more\" href=\"https:\/\/raicesjerezanas.com\/?p=2716\" title=\"CONSTRUYEN ARRIATES EN \u00c1REA REFORESTADA DE LA GALEANA\">&#8230;<\/a><\/p>\n<\/div>","protected":false},"author":1,"featured_media":2717,"comment_status":"closed","ping_status":"closed","sticky":false,"template":"","format":"standard","meta":{"footnotes":""},"categories":[102],"tags":[],"class_list":["post-2716","post","type-post","status-publish","format-standard","has-post-thumbnail","hentry","category-noticias-de-jerez"],"_links":{"self":[{"href":"https:\/\/raicesjerezanas.com\/index.php?rest_route=\/wp\/v2\/posts\/2716","targetHints":{"allow":["GET"]}}],"collection":[{"href":"https:\/\/raicesjerezanas.com\/index.php?rest_route=\/wp\/v2\/posts"}],"about":[{"href":"https:\/\/raicesjerezanas.com\/index.php?rest_route=\/wp\/v2\/types\/post"}],"author":[{"embeddable":true,"href":"https:\/\/raicesjerezanas.com\/index.php?rest_route=\/wp\/v2\/users\/1"}],"replies":[{"embeddable":true,"href":"https:\/\/raicesjerezanas.com\/index.php?rest_route=%2Fwp%2Fv2%2Fcomments&post=2716"}],"version-history":[{"count":0,"href":"https:\/\/raicesjerezanas.com\/index.php?rest_route=\/wp\/v2\/posts\/2716\/revisions"}],"wp:featuredmedia":[{"embeddable":true,"href":"https:\/\/raicesjerezanas.com\/index.php?rest_route=\/wp\/v2\/media\/2717"}],"wp:attachment":[{"href":"https:\/\/raicesjerezanas.com\/index.php?rest_route=%2Fwp%2Fv2%2Fmedia&parent=2716"}],"wp:term":[{"taxonomy":"category","embeddable":true,"href":"https:\/\/raicesjerezanas.com\/index.php?rest_route=%2Fwp%2Fv2%2Fcategories&post=2716"},{"taxonomy":"post_tag","embeddable":true,"href":"https:\/\/raicesjerezanas.com\/index.php?rest_route=%2Fwp%2Fv2%2Ftags&post=2716"}],"curies":[{"name":"wp","href":"https:\/\/api.w.org\/{rel}","templated":true}]}}