{"id":2724,"date":"2020-02-16T22:38:47","date_gmt":"2020-02-17T04:38:47","guid":{"rendered":"https:\/\/raicesjerezanas.com\/?p=2724"},"modified":"2023-07-14T04:26:25","modified_gmt":"2023-07-14T04:26:25","slug":"ximena-es-reina-del-carnaval-2020","status":"publish","type":"post","link":"https:\/\/raicesjerezanas.com\/?p=2724","title":{"rendered":"XIMENA ES REINA DEL CARNAVAL 2020"},"content":{"rendered":"<p>En medio de un gran ambiente de fiesta, color y euforia, el Alcalde Antonio Aceves S\u00e1nchez coron\u00f3 a Ximena como Reina del Carnaval 2020.<\/p>\n<p>Representante de la Preparatoria Francisco Garc\u00eda Salinas, la nueva Reina de la tradicional festividad acompa\u00f1ada de sus princesas F\u00e1tima y Alondra, tambi\u00e9n fue coronada por la S\u00edndico Municipal Carolina Salazar y Karen I, Reina de la Feria de Primavera 2019.<\/p>\n<p>En el teatro Hinojosa resonaron las efusivas porras para las siete aspirantes, quienes se lucieron en las distintas etapas del certamen ante el jurado integrado por ex reinas del Carnaval.<\/p>\n<p>En una coreograf\u00eda conjunta de apertura, traje de coctel, autopresentaciones, traje de noche y ronda de preguntas, se mostraron como dignas portadoras de la belleza juvenil jerezana.<\/p>\n<p>Nathaly, Alejandra, Llomelei, Alondra, F\u00e1tima, Araceli y Ximena recibieron el total apoyo de sus colectivos escolares hasta el final ganando distinciones como Se\u00f1orita Elegancia, Simpat\u00eda y Fotogenia.<\/p>\n<p>La Preparatoria 5 de la UAZ, el Instituto Superior de Educaci\u00f3n Art\u00edstica CALMECAC, el Instituto Tecnol\u00f3gico Superior de Jerez (ITSJ), el CETIS 114, el Colegio de Bachilleres y la Preparatoria Francisco Garc\u00eda Salinas, se hicieron presentes en el edificio para apoyar a su favorita.<\/p>\n<p>Durante el evento participaron alumnos de la Compa\u00f1\u00eda de Danza Jackie Ultreras con una coreograf\u00eda inspirada en M\u00e9xico.<\/p>\n<p>Tambi\u00e9n estuvieron presentes Silvia Cabral, Coordinadora Municipal de Educaci\u00f3n, Lucero I, Reina del Carnaval 2019, as\u00ed como Karina, Mariana y Galilea, candidatas a Reina de la Feria de Primavera 2020.<\/p>\n","protected":false},"excerpt":{"rendered":"<div class=\"mh-excerpt\"><p>En medio de un gran ambiente de fiesta, color y euforia, el Alcalde Antonio Aceves S\u00e1nchez coron\u00f3 a Ximena como Reina del Carnaval 2020. Representante <a class=\"mh-excerpt-more\" href=\"https:\/\/raicesjerezanas.com\/?p=2724\" title=\"XIMENA ES REINA DEL CARNAVAL 2020\">&#8230;<\/a><\/p>\n<\/div>","protected":false},"author":1,"featured_media":2725,"comment_status":"closed","ping_status":"closed","sticky":false,"template":"","format":"standard","meta":{"footnotes":""},"categories":[102],"tags":[],"class_list":["post-2724","post","type-post","status-publish","format-standard","has-post-thumbnail","hentry","category-noticias-de-jerez"],"_links":{"self":[{"href":"https:\/\/raicesjerezanas.com\/index.php?rest_route=\/wp\/v2\/posts\/2724","targetHints":{"allow":["GET"]}}],"collection":[{"href":"https:\/\/raicesjerezanas.com\/index.php?rest_route=\/wp\/v2\/posts"}],"about":[{"href":"https:\/\/raicesjerezanas.com\/index.php?rest_route=\/wp\/v2\/types\/post"}],"author":[{"embeddable":true,"href":"https:\/\/raicesjerezanas.com\/index.php?rest_route=\/wp\/v2\/users\/1"}],"replies":[{"embeddable":true,"href":"https:\/\/raicesjerezanas.com\/index.php?rest_route=%2Fwp%2Fv2%2Fcomments&post=2724"}],"version-history":[{"count":0,"href":"https:\/\/raicesjerezanas.com\/index.php?rest_route=\/wp\/v2\/posts\/2724\/revisions"}],"wp:featuredmedia":[{"embeddable":true,"href":"https:\/\/raicesjerezanas.com\/index.php?rest_route=\/wp\/v2\/media\/2725"}],"wp:attachment":[{"href":"https:\/\/raicesjerezanas.com\/index.php?rest_route=%2Fwp%2Fv2%2Fmedia&parent=2724"}],"wp:term":[{"taxonomy":"category","embeddable":true,"href":"https:\/\/raicesjerezanas.com\/index.php?rest_route=%2Fwp%2Fv2%2Fcategories&post=2724"},{"taxonomy":"post_tag","embeddable":true,"href":"https:\/\/raicesjerezanas.com\/index.php?rest_route=%2Fwp%2Fv2%2Ftags&post=2724"}],"curies":[{"name":"wp","href":"https:\/\/api.w.org\/{rel}","templated":true}]}}