{"id":2728,"date":"2020-02-17T17:00:09","date_gmt":"2020-02-17T23:00:09","guid":{"rendered":"https:\/\/raicesjerezanas.com\/?p=2728"},"modified":"2023-07-14T04:26:25","modified_gmt":"2023-07-14T04:26:25","slug":"arranca-campana-de-donacion-de-panales","status":"publish","type":"post","link":"https:\/\/raicesjerezanas.com\/?p=2728","title":{"rendered":"ARRANCA CAMPA\u00d1A DE DONACI\u00d3N DE PA\u00d1ALES"},"content":{"rendered":"<p>El DIF Municipal de Jerez comenz\u00f3 con la campa\u00f1a de Donaci\u00f3n de Pa\u00f1ales para adultos mayores y ni\u00f1os con discapacidad, que estar\u00e1 abierta hasta el pr\u00f3ximo 25 de febrero.<\/p>\n<p>En el primer d\u00eda de acopio, ciudadanos, comerciantes e instituciones educativas se sumaron con voluntad para beneficiar a personas de escasos recursos con estos art\u00edculos que son de vital importancia para su bienestar.<\/p>\n<p>En representaci\u00f3n de la Presidenta Honor\u00edfica Nayeli \u00c1lvarez Haro, la Directora Susana de la Torre Arg\u00fcelles agradeci\u00f3 a los primeros donadores y extendi\u00f3 una invitaci\u00f3n a lo jerezanos ya que dijo, la uni\u00f3n entre gobierno y sociedad es fundamental para crear grandes proyectos.<\/p>\n<p>A trav\u00e9s de la Jefatura de Salud se tiene identificado un padr\u00f3n de beneficiarios para que los donativos de pa\u00f1ales lleguen a quienes verdaderamente lo necesitan.<br \/>\nLa recepci\u00f3n cerrar\u00e1 el martes 25 de 8 de la ma\u00f1ana a 3 de la tarde en las instalaciones del DIF Municipal.<\/p>\n<p>En el arranque participaron Araceli Salas, Titular de la Jefatura de Salud, Fernando S\u00e1nchez, Presidente de la CANACO Delegaci\u00f3n Jerez y las candidatas a Reina de la Feria de Primavera 2020, Mariana, Karina y Galilea.<\/p>\n<p>Asimismo realizaron su donativo Karina Rom\u00e1n, Miss Zacatecas, Alma Hurtado, Miss Jerez y Blanca Estela Lozano, Reina del INAPAM.<\/p>\n","protected":false},"excerpt":{"rendered":"<div class=\"mh-excerpt\"><p>El DIF Municipal de Jerez comenz\u00f3 con la campa\u00f1a de Donaci\u00f3n de Pa\u00f1ales para adultos mayores y ni\u00f1os con discapacidad, que estar\u00e1 abierta hasta el <a class=\"mh-excerpt-more\" href=\"https:\/\/raicesjerezanas.com\/?p=2728\" title=\"ARRANCA CAMPA\u00d1A DE DONACI\u00d3N DE PA\u00d1ALES\">&#8230;<\/a><\/p>\n<\/div>","protected":false},"author":1,"featured_media":2729,"comment_status":"closed","ping_status":"closed","sticky":false,"template":"","format":"standard","meta":{"footnotes":""},"categories":[102],"tags":[],"class_list":["post-2728","post","type-post","status-publish","format-standard","has-post-thumbnail","hentry","category-noticias-de-jerez"],"_links":{"self":[{"href":"https:\/\/raicesjerezanas.com\/index.php?rest_route=\/wp\/v2\/posts\/2728","targetHints":{"allow":["GET"]}}],"collection":[{"href":"https:\/\/raicesjerezanas.com\/index.php?rest_route=\/wp\/v2\/posts"}],"about":[{"href":"https:\/\/raicesjerezanas.com\/index.php?rest_route=\/wp\/v2\/types\/post"}],"author":[{"embeddable":true,"href":"https:\/\/raicesjerezanas.com\/index.php?rest_route=\/wp\/v2\/users\/1"}],"replies":[{"embeddable":true,"href":"https:\/\/raicesjerezanas.com\/index.php?rest_route=%2Fwp%2Fv2%2Fcomments&post=2728"}],"version-history":[{"count":0,"href":"https:\/\/raicesjerezanas.com\/index.php?rest_route=\/wp\/v2\/posts\/2728\/revisions"}],"wp:featuredmedia":[{"embeddable":true,"href":"https:\/\/raicesjerezanas.com\/index.php?rest_route=\/wp\/v2\/media\/2729"}],"wp:attachment":[{"href":"https:\/\/raicesjerezanas.com\/index.php?rest_route=%2Fwp%2Fv2%2Fmedia&parent=2728"}],"wp:term":[{"taxonomy":"category","embeddable":true,"href":"https:\/\/raicesjerezanas.com\/index.php?rest_route=%2Fwp%2Fv2%2Fcategories&post=2728"},{"taxonomy":"post_tag","embeddable":true,"href":"https:\/\/raicesjerezanas.com\/index.php?rest_route=%2Fwp%2Fv2%2Ftags&post=2728"}],"curies":[{"name":"wp","href":"https:\/\/api.w.org\/{rel}","templated":true}]}}