{"id":2734,"date":"2020-02-18T13:08:14","date_gmt":"2020-02-18T19:08:14","guid":{"rendered":"https:\/\/raicesjerezanas.com\/?p=2734"},"modified":"2023-07-14T04:26:24","modified_gmt":"2023-07-14T04:26:24","slug":"brindaran-maxima-seguridad-durante-jerezada-y-carnaval-2020","status":"publish","type":"post","link":"https:\/\/raicesjerezanas.com\/?p=2734","title":{"rendered":"BRINDAR\u00c1N M\u00c1XIMA SEGURIDAD DURANTE JEREZADA Y CARNAVAL 2020"},"content":{"rendered":"<p>A fin de garantizar la tranquilidad de la ciudadan\u00eda y el buen desarrollo tanto de la Jerezada como el Carnaval en sus ediciones 2020, el Gobierno Municipal present\u00f3 la estrategia de seguridad en la que participar\u00e1n m\u00e1s de 130 preventivos y 28 unidades m\u00f3viles pertenecientes a corporaciones p\u00fablicas federales, estatales y municipales.<\/p>\n<p>En este desplegado de fuerza el municipio trabajar\u00e1 en conjunto con el Ej\u00e9rcito Mexicano, Polic\u00eda Federal Preventiva (PFP), Polic\u00eda Estatal Preventiva (PEP) y Secretar\u00eda de Seguridad Vial para resguardar el centro de la ciudad, zona conurbada, periferia, accesos a la cabecera y a las comunidades, notific\u00f3 el Secretario de Gobierno Liborio Carrillo Castro.<\/p>\n<p>En lo que respecta a la Direcci\u00f3n de Seguridad P\u00fablica Municipal (DSPM) el titular Nazario Oseguera Grada, comunic\u00f3 que 44 elementos vigilar\u00e1n la zona centro las 24 horas a partir del 19 de febrero, con apoyo de cuatro patrullas y tres moto patrullas.<\/p>\n<p>Dagoberto Monroy Carrillo especific\u00f3 que la Delegaci\u00f3n de Seguridad Vial coadyuvar\u00e1 con 16 elementos y siete patrullas para labores de despeje, cierre y vigilancia el viernes 21 desde las 6:00 pm en las vialidades Garc\u00eda Salinas, Pino Su\u00e1rez y callej\u00f3n Valent\u00edn G\u00f3mez Far\u00edas, previo al Encierro Nocturno.<\/p>\n<p>Mismas labores se repetir\u00e1n el s\u00e1bado 22 en calles aleda\u00f1as a Hospicio y San Luis desde las 3:00 pm, mientras que el domingo 23 se realizar\u00e1n desde las 7:00 am en arterias cercanas a Mina, Hospicio y San Luis, igual en los accesos a la Plaza de Toros La Jerezana.<\/p>\n<p>Los taxis ubicados frente a la Presidencia se reubicar\u00e1n en la calle San Luis.<\/p>\n<p>Por su parte Protecci\u00f3n Civil aportar\u00e1 atenci\u00f3n con 15 elementos, cuatro ambulancias y dos veh\u00edculos de apoyo distribuidos en puntos estrat\u00e9gicos del centro, como son calle \u00c1lvaro Obreg\u00f3n esquina con Reforma, adem\u00e1s de San Luis y Carranza esquina con Plaza Principal.<\/p>\n<p>Los funcionarios solicitaron a la poblaci\u00f3n sumarse al operativo y respetar las disposiciones de seguridad para que los eventos se desarrollen en armon\u00eda.<\/p>\n","protected":false},"excerpt":{"rendered":"<div class=\"mh-excerpt\"><p>A fin de garantizar la tranquilidad de la ciudadan\u00eda y el buen desarrollo tanto de la Jerezada como el Carnaval en sus ediciones 2020, el <a class=\"mh-excerpt-more\" href=\"https:\/\/raicesjerezanas.com\/?p=2734\" title=\"BRINDAR\u00c1N M\u00c1XIMA SEGURIDAD DURANTE JEREZADA Y CARNAVAL 2020\">&#8230;<\/a><\/p>\n<\/div>","protected":false},"author":1,"featured_media":2735,"comment_status":"closed","ping_status":"closed","sticky":false,"template":"","format":"standard","meta":{"footnotes":""},"categories":[102],"tags":[],"class_list":["post-2734","post","type-post","status-publish","format-standard","has-post-thumbnail","hentry","category-noticias-de-jerez"],"_links":{"self":[{"href":"https:\/\/raicesjerezanas.com\/index.php?rest_route=\/wp\/v2\/posts\/2734","targetHints":{"allow":["GET"]}}],"collection":[{"href":"https:\/\/raicesjerezanas.com\/index.php?rest_route=\/wp\/v2\/posts"}],"about":[{"href":"https:\/\/raicesjerezanas.com\/index.php?rest_route=\/wp\/v2\/types\/post"}],"author":[{"embeddable":true,"href":"https:\/\/raicesjerezanas.com\/index.php?rest_route=\/wp\/v2\/users\/1"}],"replies":[{"embeddable":true,"href":"https:\/\/raicesjerezanas.com\/index.php?rest_route=%2Fwp%2Fv2%2Fcomments&post=2734"}],"version-history":[{"count":0,"href":"https:\/\/raicesjerezanas.com\/index.php?rest_route=\/wp\/v2\/posts\/2734\/revisions"}],"wp:featuredmedia":[{"embeddable":true,"href":"https:\/\/raicesjerezanas.com\/index.php?rest_route=\/wp\/v2\/media\/2735"}],"wp:attachment":[{"href":"https:\/\/raicesjerezanas.com\/index.php?rest_route=%2Fwp%2Fv2%2Fmedia&parent=2734"}],"wp:term":[{"taxonomy":"category","embeddable":true,"href":"https:\/\/raicesjerezanas.com\/index.php?rest_route=%2Fwp%2Fv2%2Fcategories&post=2734"},{"taxonomy":"post_tag","embeddable":true,"href":"https:\/\/raicesjerezanas.com\/index.php?rest_route=%2Fwp%2Fv2%2Ftags&post=2734"}],"curies":[{"name":"wp","href":"https:\/\/api.w.org\/{rel}","templated":true}]}}