{"id":2736,"date":"2020-02-18T13:25:54","date_gmt":"2020-02-18T19:25:54","guid":{"rendered":"https:\/\/raicesjerezanas.com\/?p=2736"},"modified":"2023-07-14T04:26:24","modified_gmt":"2023-07-14T04:26:24","slug":"continuan-trabajos-de-nivelacion-en-colonias-de-jerez","status":"publish","type":"post","link":"https:\/\/raicesjerezanas.com\/?p=2736","title":{"rendered":"CONTIN\u00daAN TRABAJOS DE NIVELACI\u00d3N EN COLONIAS DE JEREZ"},"content":{"rendered":"<p>El Presidente Municipal Antonio Aceves S\u00e1nchez, dio respuesta inmediata a vecinos y estudiantes del Colegio de Estudios Cient\u00edficos y Tecnol\u00f3gicos del Estado de Zacatecas (CECyTEZ), con la re-nivelaci\u00f3n de la calle Del Molino en el Frente Popular Norte.<\/p>\n<p>A trav\u00e9s del \u00e1rea de Maquinaria Pesada, se emprenden las labores que consisten en nivelar la calle con moto-conformadora en una superficie de 2 mil 400 metros cuadrados.<\/p>\n<p>Asimismo participan top\u00f3grafos del municipio para que los arreglos queden en \u00f3ptimas condiciones y en lluvias venideras no ocurran encharcamientos, ya que el tr\u00e1nsito en la vialidad es complicado, manifestaron los vecinos.<\/p>\n<p>El Ayuntamiento 2018-2021 reitera su compromiso de servir a la poblaci\u00f3n, por lo que continuar\u00e1 con la atenci\u00f3n a este tipo de problem\u00e1ticas sin distingo alguno.<\/p>\n","protected":false},"excerpt":{"rendered":"<div class=\"mh-excerpt\"><p>El Presidente Municipal Antonio Aceves S\u00e1nchez, dio respuesta inmediata a vecinos y estudiantes del Colegio de Estudios Cient\u00edficos y Tecnol\u00f3gicos del Estado de Zacatecas (CECyTEZ), <a class=\"mh-excerpt-more\" href=\"https:\/\/raicesjerezanas.com\/?p=2736\" title=\"CONTIN\u00daAN TRABAJOS DE NIVELACI\u00d3N EN COLONIAS DE JEREZ\">&#8230;<\/a><\/p>\n<\/div>","protected":false},"author":1,"featured_media":2737,"comment_status":"closed","ping_status":"closed","sticky":false,"template":"","format":"standard","meta":{"footnotes":""},"categories":[102],"tags":[],"class_list":["post-2736","post","type-post","status-publish","format-standard","has-post-thumbnail","hentry","category-noticias-de-jerez"],"_links":{"self":[{"href":"https:\/\/raicesjerezanas.com\/index.php?rest_route=\/wp\/v2\/posts\/2736","targetHints":{"allow":["GET"]}}],"collection":[{"href":"https:\/\/raicesjerezanas.com\/index.php?rest_route=\/wp\/v2\/posts"}],"about":[{"href":"https:\/\/raicesjerezanas.com\/index.php?rest_route=\/wp\/v2\/types\/post"}],"author":[{"embeddable":true,"href":"https:\/\/raicesjerezanas.com\/index.php?rest_route=\/wp\/v2\/users\/1"}],"replies":[{"embeddable":true,"href":"https:\/\/raicesjerezanas.com\/index.php?rest_route=%2Fwp%2Fv2%2Fcomments&post=2736"}],"version-history":[{"count":0,"href":"https:\/\/raicesjerezanas.com\/index.php?rest_route=\/wp\/v2\/posts\/2736\/revisions"}],"wp:featuredmedia":[{"embeddable":true,"href":"https:\/\/raicesjerezanas.com\/index.php?rest_route=\/wp\/v2\/media\/2737"}],"wp:attachment":[{"href":"https:\/\/raicesjerezanas.com\/index.php?rest_route=%2Fwp%2Fv2%2Fmedia&parent=2736"}],"wp:term":[{"taxonomy":"category","embeddable":true,"href":"https:\/\/raicesjerezanas.com\/index.php?rest_route=%2Fwp%2Fv2%2Fcategories&post=2736"},{"taxonomy":"post_tag","embeddable":true,"href":"https:\/\/raicesjerezanas.com\/index.php?rest_route=%2Fwp%2Fv2%2Ftags&post=2736"}],"curies":[{"name":"wp","href":"https:\/\/api.w.org\/{rel}","templated":true}]}}