{"id":2745,"date":"2020-02-19T23:29:32","date_gmt":"2020-02-20T05:29:32","guid":{"rendered":"https:\/\/raicesjerezanas.com\/?p=2745"},"modified":"2023-07-14T04:26:23","modified_gmt":"2023-07-14T04:26:23","slug":"magnifica-inauguracion-de-la-jerezada-2020-con-la-banda-sinfonica-del-estado","status":"publish","type":"post","link":"https:\/\/raicesjerezanas.com\/?p=2745","title":{"rendered":"MAGN\u00cdFICA INAUGURACI\u00d3N DE LA JEREZADA 2020 CON LA BANDA SINF\u00d3NICA DEL ESTADO"},"content":{"rendered":"<p>Con un aclamado Concierto de Pasodobles de la Banda Sinf\u00f3nica del Estado de Zacatecas, dio inicio la Jerezada 2020 que ofrecer\u00e1 diversas actividades hasta el 23 de febrero.<\/p>\n<p>Con la presencia del Alcalde Antonio Aceves S\u00e1nchez y la Pe\u00f1a Taurina Isidro Mu\u00f1\u00f3z Rodr\u00edguez, el teatro Hinojosa recibi\u00f3 a cientos de espectadores para disfrutar del programa taurino que entre otras piezas incluy\u00f3 El Gallito, Espa\u00f1a Ca\u00f1i, Puerta Grande, Silverio, La Giralda y El Relicario.<\/p>\n<p>Aceves S\u00e1nchez se dijo orgulloso de las tradiciones jerezanas y de poder coadyuvar para que sean enaltecidas con eventos gratuitos y de calidad para toda la familia.<\/p>\n<p>Reconoci\u00f3 el significativo esfuerzo de la Pe\u00f1a Taurina en la organizaci\u00f3n conjunta de eventos de calidad y para todas la edades, entre ellos la Novillada gratuita el pr\u00f3ximo domingo en la Plaza de Toros La Jerezana.<\/p>\n<p>La Presidenta del DIF Municipal Nayeli \u00c1lvarez Haro, el Presidente de la Pe\u00f1a Alfredo Lozano, la Secretaria Alejandra Garc\u00eda, el Tesorero Luis Aguirre y las candidatas a Reina de la Feria de Primavera 2020, formaron parte del corte de list\u00f3n de la festividad previo al gran concierto.<\/p>\n<p>El Maestro Salvador Garc\u00eda y Ortega dirigi\u00f3 con excelencia m\u00e1s melod\u00edas como Zacatecas, Jerez, Cielo Andaluz, La Virgen de la Macarena y A Chuy Esparza.<\/p>\n<p>Los efusivos aplausos de la audiencia amante de la m\u00fasica de c\u00e1mara, marcaron la entrega del reconocimiento a Garc\u00eda y Ortega que se congratul\u00f3 por presentarse nuevamente en el Pueblo M\u00e1gico.<\/p>\n","protected":false},"excerpt":{"rendered":"<div class=\"mh-excerpt\"><p>Con un aclamado Concierto de Pasodobles de la Banda Sinf\u00f3nica del Estado de Zacatecas, dio inicio la Jerezada 2020 que ofrecer\u00e1 diversas actividades hasta el <a class=\"mh-excerpt-more\" href=\"https:\/\/raicesjerezanas.com\/?p=2745\" title=\"MAGN\u00cdFICA INAUGURACI\u00d3N DE LA JEREZADA 2020 CON LA BANDA SINF\u00d3NICA DEL ESTADO\">&#8230;<\/a><\/p>\n<\/div>","protected":false},"author":1,"featured_media":2746,"comment_status":"closed","ping_status":"closed","sticky":false,"template":"","format":"standard","meta":{"footnotes":""},"categories":[102],"tags":[],"class_list":["post-2745","post","type-post","status-publish","format-standard","has-post-thumbnail","hentry","category-noticias-de-jerez"],"_links":{"self":[{"href":"https:\/\/raicesjerezanas.com\/index.php?rest_route=\/wp\/v2\/posts\/2745","targetHints":{"allow":["GET"]}}],"collection":[{"href":"https:\/\/raicesjerezanas.com\/index.php?rest_route=\/wp\/v2\/posts"}],"about":[{"href":"https:\/\/raicesjerezanas.com\/index.php?rest_route=\/wp\/v2\/types\/post"}],"author":[{"embeddable":true,"href":"https:\/\/raicesjerezanas.com\/index.php?rest_route=\/wp\/v2\/users\/1"}],"replies":[{"embeddable":true,"href":"https:\/\/raicesjerezanas.com\/index.php?rest_route=%2Fwp%2Fv2%2Fcomments&post=2745"}],"version-history":[{"count":0,"href":"https:\/\/raicesjerezanas.com\/index.php?rest_route=\/wp\/v2\/posts\/2745\/revisions"}],"wp:featuredmedia":[{"embeddable":true,"href":"https:\/\/raicesjerezanas.com\/index.php?rest_route=\/wp\/v2\/media\/2746"}],"wp:attachment":[{"href":"https:\/\/raicesjerezanas.com\/index.php?rest_route=%2Fwp%2Fv2%2Fmedia&parent=2745"}],"wp:term":[{"taxonomy":"category","embeddable":true,"href":"https:\/\/raicesjerezanas.com\/index.php?rest_route=%2Fwp%2Fv2%2Fcategories&post=2745"},{"taxonomy":"post_tag","embeddable":true,"href":"https:\/\/raicesjerezanas.com\/index.php?rest_route=%2Fwp%2Fv2%2Ftags&post=2745"}],"curies":[{"name":"wp","href":"https:\/\/api.w.org\/{rel}","templated":true}]}}