{"id":2747,"date":"2020-02-20T13:12:58","date_gmt":"2020-02-20T19:12:58","guid":{"rendered":"https:\/\/raicesjerezanas.com\/?p=2747"},"modified":"2023-07-14T04:26:23","modified_gmt":"2023-07-14T04:26:23","slug":"dotan-de-tecnologia-al-registro-civil-de-jerez","status":"publish","type":"post","link":"https:\/\/raicesjerezanas.com\/?p=2747","title":{"rendered":"DOTAN DE TECNOLOG\u00cdA AL REGISTRO CIVIL DE JEREZ"},"content":{"rendered":"<p>Con el objetivo de tecnificar servicios y como incentivo por su buen desempe\u00f1o y servicio, el Gobierno del Estado entreg\u00f3 un equipo de c\u00f3mputo a la Oficial\u00eda del Registro Civil de Jerez con un valor cercano a los 50 mil pesos.<\/p>\n<p>La Oficial Ana Mar\u00eda Acevedo Carrillo precis\u00f3 que entre los 20 municipios beneficiados, Jerez se hizo acreedor a una computadora, impresora y reguladora que permitir\u00e1n agilizar todos los tr\u00e1mites en beneficio de los ciudadanos.<\/p>\n<p>Entre ellos, impresi\u00f3n de actas de matrimonio, nacimiento, reconocimiento, adopci\u00f3n, divorcio, defunci\u00f3n y actas certificadas.<\/p>\n<p>Con la presencia del Secretario de Gobierno Liborio Carrillo Castro, el Director General de Registro Civil Rafael Guti\u00e9rrez Mart\u00ednez, entreg\u00f3 este equipo que representa un avance tecnol\u00f3gico para el Ayuntamiento.<\/p>\n","protected":false},"excerpt":{"rendered":"<div class=\"mh-excerpt\"><p>Con el objetivo de tecnificar servicios y como incentivo por su buen desempe\u00f1o y servicio, el Gobierno del Estado entreg\u00f3 un equipo de c\u00f3mputo a <a class=\"mh-excerpt-more\" href=\"https:\/\/raicesjerezanas.com\/?p=2747\" title=\"DOTAN DE TECNOLOG\u00cdA AL REGISTRO CIVIL DE JEREZ\">&#8230;<\/a><\/p>\n<\/div>","protected":false},"author":1,"featured_media":2748,"comment_status":"closed","ping_status":"closed","sticky":false,"template":"","format":"standard","meta":{"footnotes":""},"categories":[102],"tags":[],"class_list":["post-2747","post","type-post","status-publish","format-standard","has-post-thumbnail","hentry","category-noticias-de-jerez"],"_links":{"self":[{"href":"https:\/\/raicesjerezanas.com\/index.php?rest_route=\/wp\/v2\/posts\/2747","targetHints":{"allow":["GET"]}}],"collection":[{"href":"https:\/\/raicesjerezanas.com\/index.php?rest_route=\/wp\/v2\/posts"}],"about":[{"href":"https:\/\/raicesjerezanas.com\/index.php?rest_route=\/wp\/v2\/types\/post"}],"author":[{"embeddable":true,"href":"https:\/\/raicesjerezanas.com\/index.php?rest_route=\/wp\/v2\/users\/1"}],"replies":[{"embeddable":true,"href":"https:\/\/raicesjerezanas.com\/index.php?rest_route=%2Fwp%2Fv2%2Fcomments&post=2747"}],"version-history":[{"count":0,"href":"https:\/\/raicesjerezanas.com\/index.php?rest_route=\/wp\/v2\/posts\/2747\/revisions"}],"wp:featuredmedia":[{"embeddable":true,"href":"https:\/\/raicesjerezanas.com\/index.php?rest_route=\/wp\/v2\/media\/2748"}],"wp:attachment":[{"href":"https:\/\/raicesjerezanas.com\/index.php?rest_route=%2Fwp%2Fv2%2Fmedia&parent=2747"}],"wp:term":[{"taxonomy":"category","embeddable":true,"href":"https:\/\/raicesjerezanas.com\/index.php?rest_route=%2Fwp%2Fv2%2Fcategories&post=2747"},{"taxonomy":"post_tag","embeddable":true,"href":"https:\/\/raicesjerezanas.com\/index.php?rest_route=%2Fwp%2Fv2%2Ftags&post=2747"}],"curies":[{"name":"wp","href":"https:\/\/api.w.org\/{rel}","templated":true}]}}