{"id":2749,"date":"2020-02-20T15:48:36","date_gmt":"2020-02-20T21:48:36","guid":{"rendered":"https:\/\/raicesjerezanas.com\/?p=2749"},"modified":"2023-07-14T04:26:23","modified_gmt":"2023-07-14T04:26:23","slug":"buscan-estrategias-para-fortalecer-la-seguridad-de-la-ninez-jerezan","status":"publish","type":"post","link":"https:\/\/raicesjerezanas.com\/?p=2749","title":{"rendered":"BUSCAN ESTRATEGIAS PARA FORTALECER LA SEGURIDAD DE LA NI\u00d1EZ JEREZAN"},"content":{"rendered":"<p><strong>Piden formalizar la reubicaci\u00f3n de vendedores for\u00e1neos para la Feria de Primavera Jerez 2020<\/strong><\/p>\n<p>En sesi\u00f3n ordinaria del Consejo Municipal de Seguridad P\u00fablica (CMSP), se acord\u00f3 una de las estrategias a favor de la seguridad e integridad de los ni\u00f1os jerezanos.<\/p>\n<p>La medida consistir\u00e1 en asistir a las escuelas primarias de la cabecera municipal para promover la conferencia Los buenos tratos de la infancia, ant\u00eddoto contra la violencia social, que se realizar\u00e1 el pr\u00f3ximo 19 de marzo a las 18:00 horas en el teatro Hinojosa.<\/p>\n<p>Esto, dentro de las actividades del Programa Municipal de Prevenci\u00f3n Social de la Violencia y la Delincuencia, con la participaci\u00f3n del Vocero de Am\u00e9rica Latina por la Infancia en M\u00e9xico para concientizar a los padres de familia y prevenir situaciones de inseguridad.<\/p>\n<p>Brenda Quijas, Visitadora Regional de la Comisi\u00f3n de Derechos Humanos del Estado de Zacatecas (CDHEZ) en Jerez, expres\u00f3 que esta y todas las acciones ser\u00e1n respaldadas por el Organismo para que los resultados sean favorables.<\/p>\n<p>En otros puntos de la sesi\u00f3n, los integrantes de la CANACO Delegaci\u00f3n Jerez solicitaron al Consejo trabajar en la reubicaci\u00f3n de comerciantes for\u00e1neos previo al arranque de la Feria de Primavera 2020.<\/p>\n<p>Esto para que la derrama econ\u00f3mica se quede entre los habitantes del municipio tambi\u00e9n en un entorno seguro en conjunto con los distintos organismos que conforman el CMSP.<\/p>\n","protected":false},"excerpt":{"rendered":"<div class=\"mh-excerpt\"><p>Piden formalizar la reubicaci\u00f3n de vendedores for\u00e1neos para la Feria de Primavera Jerez 2020 En sesi\u00f3n ordinaria del Consejo Municipal de Seguridad P\u00fablica (CMSP), se <a class=\"mh-excerpt-more\" href=\"https:\/\/raicesjerezanas.com\/?p=2749\" title=\"BUSCAN ESTRATEGIAS PARA FORTALECER LA SEGURIDAD DE LA NI\u00d1EZ JEREZAN\">&#8230;<\/a><\/p>\n<\/div>","protected":false},"author":1,"featured_media":2750,"comment_status":"closed","ping_status":"closed","sticky":false,"template":"","format":"standard","meta":{"footnotes":""},"categories":[102],"tags":[],"class_list":["post-2749","post","type-post","status-publish","format-standard","has-post-thumbnail","hentry","category-noticias-de-jerez"],"_links":{"self":[{"href":"https:\/\/raicesjerezanas.com\/index.php?rest_route=\/wp\/v2\/posts\/2749","targetHints":{"allow":["GET"]}}],"collection":[{"href":"https:\/\/raicesjerezanas.com\/index.php?rest_route=\/wp\/v2\/posts"}],"about":[{"href":"https:\/\/raicesjerezanas.com\/index.php?rest_route=\/wp\/v2\/types\/post"}],"author":[{"embeddable":true,"href":"https:\/\/raicesjerezanas.com\/index.php?rest_route=\/wp\/v2\/users\/1"}],"replies":[{"embeddable":true,"href":"https:\/\/raicesjerezanas.com\/index.php?rest_route=%2Fwp%2Fv2%2Fcomments&post=2749"}],"version-history":[{"count":0,"href":"https:\/\/raicesjerezanas.com\/index.php?rest_route=\/wp\/v2\/posts\/2749\/revisions"}],"wp:featuredmedia":[{"embeddable":true,"href":"https:\/\/raicesjerezanas.com\/index.php?rest_route=\/wp\/v2\/media\/2750"}],"wp:attachment":[{"href":"https:\/\/raicesjerezanas.com\/index.php?rest_route=%2Fwp%2Fv2%2Fmedia&parent=2749"}],"wp:term":[{"taxonomy":"category","embeddable":true,"href":"https:\/\/raicesjerezanas.com\/index.php?rest_route=%2Fwp%2Fv2%2Fcategories&post=2749"},{"taxonomy":"post_tag","embeddable":true,"href":"https:\/\/raicesjerezanas.com\/index.php?rest_route=%2Fwp%2Fv2%2Ftags&post=2749"}],"curies":[{"name":"wp","href":"https:\/\/api.w.org\/{rel}","templated":true}]}}