{"id":2753,"date":"2020-02-22T22:39:54","date_gmt":"2020-02-23T04:39:54","guid":{"rendered":"https:\/\/raicesjerezanas.com\/?p=2753"},"modified":"2023-07-14T04:26:22","modified_gmt":"2023-07-14T04:26:22","slug":"exitoso-encierro-nocturno-en-la-jerezada-2020","status":"publish","type":"post","link":"https:\/\/raicesjerezanas.com\/?p=2753","title":{"rendered":"EXITOSO ENCIERRO NOCTURNO EN LA JEREZADA 2020"},"content":{"rendered":"<p>Dentro de las actividades de la Jerezada edici\u00f3n 2020, se realiz\u00f3 el tradicional Encierro Nocturno donde toros de raza brava corrieron sobre el circuito en el primer cuadro de la ciudad.<\/p>\n<p>El Presidente Municipal Antonio Aceves S\u00e1nchez, acompa\u00f1ado por su esposa Nayeli \u00c1lvarez Haro, Alfredo Lozano Mota, Presidente de la Pe\u00f1a Taurina Isidro Mu\u00f1oz Rodr\u00edguez y Jackie Mart\u00ednez Ju\u00e1rez, Diputada Federal, realizaron el tradicional recorrido por el corredor en el que se dieron cita m\u00e1s de cuatro mil aficionados a la adrenalina.<\/p>\n<p>Los cajones se abrieron para dar paso a los ejemplares de 400 kilos provenientes de distintas ganader\u00edas ante m\u00e1s de 20 corredores que demostraron su valent\u00eda.<\/p>\n<p>Para mayor tranquilidad de los asistentes se dispuso un importante dispositivo de seguridad donde adem\u00e1s de efectivos municipales se agregaron Estatales y en todo momento se respet\u00f3 el plan de contingencia encabezado por Protecci\u00f3n Civil, respaldado por varios cuerpos de socorristas quienes reportaron saldo blanco.<\/p>\n<p>En el circuito tambi\u00e9n estuvieron presentes Alba Dena Pereyra, Jefa de Turismo Municipal, funcionarios del Ayuntamiento e integrantes de la Pe\u00f1a; la Corte Real del Carnaval 2020; Karen I, Reina de la Feria de Primavera 2019 adem\u00e1s de Galilea, Karina y Mariana, aspirantes a la corona de la m\u00e1xima fiesta de los jerezanos de este a\u00f1o.<\/p>\n","protected":false},"excerpt":{"rendered":"<div class=\"mh-excerpt\"><p>Dentro de las actividades de la Jerezada edici\u00f3n 2020, se realiz\u00f3 el tradicional Encierro Nocturno donde toros de raza brava corrieron sobre el circuito en <a class=\"mh-excerpt-more\" href=\"https:\/\/raicesjerezanas.com\/?p=2753\" title=\"EXITOSO ENCIERRO NOCTURNO EN LA JEREZADA 2020\">&#8230;<\/a><\/p>\n<\/div>","protected":false},"author":1,"featured_media":2754,"comment_status":"closed","ping_status":"closed","sticky":false,"template":"","format":"standard","meta":{"footnotes":""},"categories":[102],"tags":[],"class_list":["post-2753","post","type-post","status-publish","format-standard","has-post-thumbnail","hentry","category-noticias-de-jerez"],"_links":{"self":[{"href":"https:\/\/raicesjerezanas.com\/index.php?rest_route=\/wp\/v2\/posts\/2753","targetHints":{"allow":["GET"]}}],"collection":[{"href":"https:\/\/raicesjerezanas.com\/index.php?rest_route=\/wp\/v2\/posts"}],"about":[{"href":"https:\/\/raicesjerezanas.com\/index.php?rest_route=\/wp\/v2\/types\/post"}],"author":[{"embeddable":true,"href":"https:\/\/raicesjerezanas.com\/index.php?rest_route=\/wp\/v2\/users\/1"}],"replies":[{"embeddable":true,"href":"https:\/\/raicesjerezanas.com\/index.php?rest_route=%2Fwp%2Fv2%2Fcomments&post=2753"}],"version-history":[{"count":0,"href":"https:\/\/raicesjerezanas.com\/index.php?rest_route=\/wp\/v2\/posts\/2753\/revisions"}],"wp:featuredmedia":[{"embeddable":true,"href":"https:\/\/raicesjerezanas.com\/index.php?rest_route=\/wp\/v2\/media\/2754"}],"wp:attachment":[{"href":"https:\/\/raicesjerezanas.com\/index.php?rest_route=%2Fwp%2Fv2%2Fmedia&parent=2753"}],"wp:term":[{"taxonomy":"category","embeddable":true,"href":"https:\/\/raicesjerezanas.com\/index.php?rest_route=%2Fwp%2Fv2%2Fcategories&post=2753"},{"taxonomy":"post_tag","embeddable":true,"href":"https:\/\/raicesjerezanas.com\/index.php?rest_route=%2Fwp%2Fv2%2Ftags&post=2753"}],"curies":[{"name":"wp","href":"https:\/\/api.w.org\/{rel}","templated":true}]}}