{"id":2755,"date":"2020-02-20T23:46:17","date_gmt":"2020-02-21T05:46:17","guid":{"rendered":"https:\/\/raicesjerezanas.com\/?p=2755"},"modified":"2023-07-14T04:26:23","modified_gmt":"2023-07-14T04:26:23","slug":"exitoso-dia-cultural-en-la-jerezada-2020","status":"publish","type":"post","link":"https:\/\/raicesjerezanas.com\/?p=2755","title":{"rendered":"EXITOSO D\u00cdA CULTURAL EN LA JEREZADA 2020"},"content":{"rendered":"<p>Un fascinante d\u00eda cultural se vivi\u00f3 dentro de la Jerezada 2020, con una conferencia a cargo del Ganadero de toros de lidia, Miguel Llaguno Gurza de la Ganader\u00eda Arroyo Hondo y el concierto del Grupo Flamenco Embrujo.<\/p>\n<p>Luego de m\u00e1s de 100 a\u00f1os de tradici\u00f3n familiar, el exponente cont\u00f3 con emoci\u00f3n c\u00f3mo fue el inicio de su empresa creadora de toros bravos y sus antecesores.<br \/>\nDetall\u00f3 que en Marqu\u00e9s de Saltillo en el a\u00f1o de 1908 despu\u00e9s de muchas cruzas se form\u00f3 la raza de toros Llaguna, cien por ciento mexicana.<\/p>\n<p>En presencia de la Jefa de Turismo Municipal, Alba Dena Pereyra, y de la Pe\u00f1a Taurina Isidro Mu\u00f1oz Rodr\u00edguez, mencion\u00f3 que sus familiares lidiaron ganado hasta tener \u00e9xito y formar una de las Ganader\u00edas madres del pa\u00eds.<\/p>\n<p>De su padre hered\u00f3 adem\u00e1s del gusto por el campo, el orgullo de saber que gen\u00e9ticamente hizo importantes exportaciones alrededor del pa\u00eds y el mundo, ofreciendo durante a\u00f1os en Plaza M\u00e9xico su ganado ante toreros de renombre.<\/p>\n<p>Haciendo a\u00fan m\u00e1s ameno el evento tuvo lugar la espectacular presentaci\u00f3n del cuarteto hidroc\u00e1lido de Rumba Flamenca, Embrujo, con 9 a\u00f1os de trayectoria e integrado por Sebasti\u00e1n, Marx, Osvaldo y Enrique.<\/p>\n<p>En el Hotel Posada San Miguel, la talentosa y vers\u00e1til agrupaci\u00f3n ofreci\u00f3 una fusi\u00f3n de g\u00e9neros como el jazz el rock, el pop, funk y\u00a0 ritmos urbanos a trav\u00e9s de las canciones Sevillana, Con la gente que me gusta, Para volver a volver, Lo voy a dividir, Mi vida, Volar\u00e9, adem\u00e1s del hit in\u00e9dito Como un torero.<\/p>\n<p>La gastronom\u00eda jerezana tambi\u00e9n se hizo presente, con la degustaci\u00f3n de una rica variedad de quesos y vino artesanal.<\/p>\n","protected":false},"excerpt":{"rendered":"<div class=\"mh-excerpt\"><p>Un fascinante d\u00eda cultural se vivi\u00f3 dentro de la Jerezada 2020, con una conferencia a cargo del Ganadero de toros de lidia, Miguel Llaguno Gurza <a class=\"mh-excerpt-more\" href=\"https:\/\/raicesjerezanas.com\/?p=2755\" title=\"EXITOSO D\u00cdA CULTURAL EN LA JEREZADA 2020\">&#8230;<\/a><\/p>\n<\/div>","protected":false},"author":1,"featured_media":2756,"comment_status":"closed","ping_status":"closed","sticky":false,"template":"","format":"standard","meta":{"footnotes":""},"categories":[102],"tags":[],"class_list":["post-2755","post","type-post","status-publish","format-standard","has-post-thumbnail","hentry","category-noticias-de-jerez"],"_links":{"self":[{"href":"https:\/\/raicesjerezanas.com\/index.php?rest_route=\/wp\/v2\/posts\/2755","targetHints":{"allow":["GET"]}}],"collection":[{"href":"https:\/\/raicesjerezanas.com\/index.php?rest_route=\/wp\/v2\/posts"}],"about":[{"href":"https:\/\/raicesjerezanas.com\/index.php?rest_route=\/wp\/v2\/types\/post"}],"author":[{"embeddable":true,"href":"https:\/\/raicesjerezanas.com\/index.php?rest_route=\/wp\/v2\/users\/1"}],"replies":[{"embeddable":true,"href":"https:\/\/raicesjerezanas.com\/index.php?rest_route=%2Fwp%2Fv2%2Fcomments&post=2755"}],"version-history":[{"count":0,"href":"https:\/\/raicesjerezanas.com\/index.php?rest_route=\/wp\/v2\/posts\/2755\/revisions"}],"wp:featuredmedia":[{"embeddable":true,"href":"https:\/\/raicesjerezanas.com\/index.php?rest_route=\/wp\/v2\/media\/2756"}],"wp:attachment":[{"href":"https:\/\/raicesjerezanas.com\/index.php?rest_route=%2Fwp%2Fv2%2Fmedia&parent=2755"}],"wp:term":[{"taxonomy":"category","embeddable":true,"href":"https:\/\/raicesjerezanas.com\/index.php?rest_route=%2Fwp%2Fv2%2Fcategories&post=2755"},{"taxonomy":"post_tag","embeddable":true,"href":"https:\/\/raicesjerezanas.com\/index.php?rest_route=%2Fwp%2Fv2%2Ftags&post=2755"}],"curies":[{"name":"wp","href":"https:\/\/api.w.org\/{rel}","templated":true}]}}