{"id":2757,"date":"2020-02-21T23:47:36","date_gmt":"2020-02-22T05:47:36","guid":{"rendered":"https:\/\/raicesjerezanas.com\/?p=2757"},"modified":"2023-07-14T04:26:22","modified_gmt":"2023-07-14T04:26:22","slug":"vibra-jerez-con-el-rock-de-volovan-en-la-jerezada-2020","status":"publish","type":"post","link":"https:\/\/raicesjerezanas.com\/?p=2757","title":{"rendered":"VIBRA JEREZ CON EL ROCK DE VOLOV\u00c1N EN LA JEREZADA 2020"},"content":{"rendered":"<p>Una noche de euforia y rock se vivi\u00f3 en la Jerezada 2020 con el concierto de Volov\u00e1n.<\/p>\n<p>En la Plaza Principal se dieron cita cientos de aficionados a esta banda regiomontana integrada por Gerry Galv\u00e1n en la voz, Eduardo Torruco en la bater\u00eda y Fernando Amaya en la guitarra.<\/p>\n<p>Ni t\u00fa ni nadie fue la pieza con la que abrieron su presentaci\u00f3n tras el Encierro Nocturno dentro de este evento tan representativo para los jerezanos.<\/p>\n<p>Luego vinieron \u00e9xitos como Monitor, Cada vez que respiro, Ya no s\u00e9 ni d\u00f3nde estoy y Luna, que a lo largo de su carrera los han colocado como grandes expositores del rock pop en M\u00e9xico y Latinoam\u00e9rica.<\/p>\n<p>Durante su presentaci\u00f3n anunciaron que el pr\u00f3ximo 6 de marzo estrenar\u00e1n el sencillo Volvieron mis ataques, con el que reforzar\u00e1n su presencia en la escena musical del pa\u00eds.<\/p>\n<p>Previamente, la banda recibi\u00f3 a los ganadores de la din\u00e1mica que pudieron tomarse una fotograf\u00eda, al igual que Karen I, Reina de la Feria de Primavera 2019, Galilea, Karina y Mariana, aspirantes a la corona de este a\u00f1o, as\u00ed como Ximena, F\u00e1tima y Alondra, Corte Real del Carnaval 2020.<\/p>\n","protected":false},"excerpt":{"rendered":"<div class=\"mh-excerpt\"><p>Una noche de euforia y rock se vivi\u00f3 en la Jerezada 2020 con el concierto de Volov\u00e1n. En la Plaza Principal se dieron cita cientos <a class=\"mh-excerpt-more\" href=\"https:\/\/raicesjerezanas.com\/?p=2757\" title=\"VIBRA JEREZ CON EL ROCK DE VOLOV\u00c1N EN LA JEREZADA 2020\">&#8230;<\/a><\/p>\n<\/div>","protected":false},"author":1,"featured_media":2758,"comment_status":"closed","ping_status":"closed","sticky":false,"template":"","format":"standard","meta":{"footnotes":""},"categories":[102],"tags":[],"class_list":["post-2757","post","type-post","status-publish","format-standard","has-post-thumbnail","hentry","category-noticias-de-jerez"],"_links":{"self":[{"href":"https:\/\/raicesjerezanas.com\/index.php?rest_route=\/wp\/v2\/posts\/2757","targetHints":{"allow":["GET"]}}],"collection":[{"href":"https:\/\/raicesjerezanas.com\/index.php?rest_route=\/wp\/v2\/posts"}],"about":[{"href":"https:\/\/raicesjerezanas.com\/index.php?rest_route=\/wp\/v2\/types\/post"}],"author":[{"embeddable":true,"href":"https:\/\/raicesjerezanas.com\/index.php?rest_route=\/wp\/v2\/users\/1"}],"replies":[{"embeddable":true,"href":"https:\/\/raicesjerezanas.com\/index.php?rest_route=%2Fwp%2Fv2%2Fcomments&post=2757"}],"version-history":[{"count":0,"href":"https:\/\/raicesjerezanas.com\/index.php?rest_route=\/wp\/v2\/posts\/2757\/revisions"}],"wp:featuredmedia":[{"embeddable":true,"href":"https:\/\/raicesjerezanas.com\/index.php?rest_route=\/wp\/v2\/media\/2758"}],"wp:attachment":[{"href":"https:\/\/raicesjerezanas.com\/index.php?rest_route=%2Fwp%2Fv2%2Fmedia&parent=2757"}],"wp:term":[{"taxonomy":"category","embeddable":true,"href":"https:\/\/raicesjerezanas.com\/index.php?rest_route=%2Fwp%2Fv2%2Fcategories&post=2757"},{"taxonomy":"post_tag","embeddable":true,"href":"https:\/\/raicesjerezanas.com\/index.php?rest_route=%2Fwp%2Fv2%2Ftags&post=2757"}],"curies":[{"name":"wp","href":"https:\/\/api.w.org\/{rel}","templated":true}]}}