{"id":2759,"date":"2020-02-22T23:03:19","date_gmt":"2020-02-23T05:03:19","guid":{"rendered":"https:\/\/raicesjerezanas.com\/?p=2759"},"modified":"2023-07-14T04:26:22","modified_gmt":"2023-07-14T04:26:22","slug":"celebran-dia-taurino-para-la-ninez-jerezana","status":"publish","type":"post","link":"https:\/\/raicesjerezanas.com\/?p=2759","title":{"rendered":"CELEBRAN D\u00cdA TAURINO PARA LA NI\u00d1EZ JEREZANA"},"content":{"rendered":"<p>Como parte de las actividades de la Jerezada 2020, se realiz\u00f3 la Jerezadita en donde se soltaron 6 vaquillas de lidia.<\/p>\n<p>El Alcalde Antonio Aceves S\u00e1nchez acompa\u00f1ado por Alfredo Lozano Mota, Presidente de la Pe\u00f1a Taurina Isidro Mu\u00f1oz Rodr\u00edguez y la Diputada Federal Jackie Mart\u00ednez Ju\u00e1rez, di\u00f3 el recorrido inaugural por el circuito ubicado en la plaza Tacuba.<\/p>\n<p>En una primera etapa participaron ni\u00f1os de 8 a 11 a\u00f1os con vaquillas peque\u00f1as, y luego los de 12 a\u00f1os que corrieron el circuito entre cuatro ejemplares, todo en un ambiente seguro para los participantes y los animales.<\/p>\n<p>Previamente el novillero Alejandro Adame imparti\u00f3 una clase pr\u00e1ctica con t\u00e9cnicas b\u00e1sicas del toreo, como la tradicional Ver\u00f3nica.<\/p>\n<p>Adem\u00e1s, les permiti\u00f3 utilizar su\u00a0capote, muleta y estoque para practicar las maniobras que realizaba. Posteriormente se ofreci\u00f3 un show de payaso para disfrute de todas las familias asistentes.<\/p>\n","protected":false},"excerpt":{"rendered":"<div class=\"mh-excerpt\"><p>Como parte de las actividades de la Jerezada 2020, se realiz\u00f3 la Jerezadita en donde se soltaron 6 vaquillas de lidia. El Alcalde Antonio Aceves <a class=\"mh-excerpt-more\" href=\"https:\/\/raicesjerezanas.com\/?p=2759\" title=\"CELEBRAN D\u00cdA TAURINO PARA LA NI\u00d1EZ JEREZANA\">&#8230;<\/a><\/p>\n<\/div>","protected":false},"author":1,"featured_media":2760,"comment_status":"closed","ping_status":"closed","sticky":false,"template":"","format":"standard","meta":{"footnotes":""},"categories":[102],"tags":[],"class_list":["post-2759","post","type-post","status-publish","format-standard","has-post-thumbnail","hentry","category-noticias-de-jerez"],"_links":{"self":[{"href":"https:\/\/raicesjerezanas.com\/index.php?rest_route=\/wp\/v2\/posts\/2759","targetHints":{"allow":["GET"]}}],"collection":[{"href":"https:\/\/raicesjerezanas.com\/index.php?rest_route=\/wp\/v2\/posts"}],"about":[{"href":"https:\/\/raicesjerezanas.com\/index.php?rest_route=\/wp\/v2\/types\/post"}],"author":[{"embeddable":true,"href":"https:\/\/raicesjerezanas.com\/index.php?rest_route=\/wp\/v2\/users\/1"}],"replies":[{"embeddable":true,"href":"https:\/\/raicesjerezanas.com\/index.php?rest_route=%2Fwp%2Fv2%2Fcomments&post=2759"}],"version-history":[{"count":0,"href":"https:\/\/raicesjerezanas.com\/index.php?rest_route=\/wp\/v2\/posts\/2759\/revisions"}],"wp:featuredmedia":[{"embeddable":true,"href":"https:\/\/raicesjerezanas.com\/index.php?rest_route=\/wp\/v2\/media\/2760"}],"wp:attachment":[{"href":"https:\/\/raicesjerezanas.com\/index.php?rest_route=%2Fwp%2Fv2%2Fmedia&parent=2759"}],"wp:term":[{"taxonomy":"category","embeddable":true,"href":"https:\/\/raicesjerezanas.com\/index.php?rest_route=%2Fwp%2Fv2%2Fcategories&post=2759"},{"taxonomy":"post_tag","embeddable":true,"href":"https:\/\/raicesjerezanas.com\/index.php?rest_route=%2Fwp%2Fv2%2Ftags&post=2759"}],"curies":[{"name":"wp","href":"https:\/\/api.w.org\/{rel}","templated":true}]}}