{"id":2761,"date":"2020-02-23T01:50:42","date_gmt":"2020-02-23T07:50:42","guid":{"rendered":"https:\/\/raicesjerezanas.com\/?p=2761"},"modified":"2023-07-14T04:25:48","modified_gmt":"2023-07-14T04:25:48","slug":"color-y-alegria-en-el-desfile-de-carnaval-2020","status":"publish","type":"post","link":"https:\/\/raicesjerezanas.com\/?p=2761","title":{"rendered":"COLOR Y ALEGR\u00cdA EN EL DESFILE DE CARNAVAL 2020"},"content":{"rendered":"<p>Jerez se visti\u00f3 de alegr\u00eda y fiesta con el desfile de Carnaval Nocturno en su edici\u00f3n 2020, integrado por m\u00e1s de 30 colectivos que dieron muestra de sus habilidades en baile y creatividad en sus carros aleg\u00f3ricos.<\/p>\n<p>Luces de pirotecnia anunciaron el avance del contingente que parti\u00f3 de la glorieta Garc\u00eda Salinas hacia la calle del Hospicio, Jard\u00edn Principal y calle San Luis para culminar en el puente del R\u00edo Grande.<\/p>\n<p>El Presidente Municipal Antonio Aceves S\u00e1nchez, su esposa Nayeli \u00c1lvarez Haro y la Diputada Federal Jackie Mart\u00ednez Ju\u00e1rez junto con m\u00e1s funcionarios p\u00fablicos aplaudieron el espect\u00e1culo del que formaron miles de espectadores.<\/p>\n<p>Luz y color fueron los elementos principales de esta fiesta carnavalesca en la que participaron instituciones educativas de nivel medio superior y superior, grupos de baile, comerciantes y como invitados especiales, la Banda Municipal de Guadalupe, la Casa de Cultura de Calera y j\u00f3venes acr\u00f3batas de Jalpa.<\/p>\n<p>La belleza tambi\u00e9n engalan\u00f3 el desfile con Ximena, Reina del Carnaval 2020 y sus Princesas F\u00e1tima y Alondra, la Reina de la Feria de Primavera 2019 Karen I, adem\u00e1s de las candidatas Mariana, Karina y Galilea.<\/p>\n","protected":false},"excerpt":{"rendered":"<div class=\"mh-excerpt\"><p>Jerez se visti\u00f3 de alegr\u00eda y fiesta con el desfile de Carnaval Nocturno en su edici\u00f3n 2020, integrado por m\u00e1s de 30 colectivos que dieron <a class=\"mh-excerpt-more\" href=\"https:\/\/raicesjerezanas.com\/?p=2761\" title=\"COLOR Y ALEGR\u00cdA EN EL DESFILE DE CARNAVAL 2020\">&#8230;<\/a><\/p>\n<\/div>","protected":false},"author":1,"featured_media":2762,"comment_status":"closed","ping_status":"closed","sticky":false,"template":"","format":"standard","meta":{"footnotes":""},"categories":[102],"tags":[],"class_list":["post-2761","post","type-post","status-publish","format-standard","has-post-thumbnail","hentry","category-noticias-de-jerez"],"_links":{"self":[{"href":"https:\/\/raicesjerezanas.com\/index.php?rest_route=\/wp\/v2\/posts\/2761","targetHints":{"allow":["GET"]}}],"collection":[{"href":"https:\/\/raicesjerezanas.com\/index.php?rest_route=\/wp\/v2\/posts"}],"about":[{"href":"https:\/\/raicesjerezanas.com\/index.php?rest_route=\/wp\/v2\/types\/post"}],"author":[{"embeddable":true,"href":"https:\/\/raicesjerezanas.com\/index.php?rest_route=\/wp\/v2\/users\/1"}],"replies":[{"embeddable":true,"href":"https:\/\/raicesjerezanas.com\/index.php?rest_route=%2Fwp%2Fv2%2Fcomments&post=2761"}],"version-history":[{"count":0,"href":"https:\/\/raicesjerezanas.com\/index.php?rest_route=\/wp\/v2\/posts\/2761\/revisions"}],"wp:featuredmedia":[{"embeddable":true,"href":"https:\/\/raicesjerezanas.com\/index.php?rest_route=\/wp\/v2\/media\/2762"}],"wp:attachment":[{"href":"https:\/\/raicesjerezanas.com\/index.php?rest_route=%2Fwp%2Fv2%2Fmedia&parent=2761"}],"wp:term":[{"taxonomy":"category","embeddable":true,"href":"https:\/\/raicesjerezanas.com\/index.php?rest_route=%2Fwp%2Fv2%2Fcategories&post=2761"},{"taxonomy":"post_tag","embeddable":true,"href":"https:\/\/raicesjerezanas.com\/index.php?rest_route=%2Fwp%2Fv2%2Ftags&post=2761"}],"curies":[{"name":"wp","href":"https:\/\/api.w.org\/{rel}","templated":true}]}}