{"id":2763,"date":"2020-02-23T20:52:55","date_gmt":"2020-02-24T02:52:55","guid":{"rendered":"https:\/\/raicesjerezanas.com\/?p=2763"},"modified":"2023-07-14T04:25:48","modified_gmt":"2023-07-14T04:25:48","slug":"el-pueblo-mas-alegre-de-mexico-luce-con-su-tradicional-desfile-de-carnaval-2020","status":"publish","type":"post","link":"https:\/\/raicesjerezanas.com\/?p=2763","title":{"rendered":"EL PUEBLO M\u00c1S ALEGRE DE M\u00c9XICO LUCE CON SU TRADICIONAL DESFILE DE CARNAVAL 2020"},"content":{"rendered":"<p>Con derroche de creatividad tanto en vestuarios como en los vistosos carros aleg\u00f3ricos, se desarroll\u00f3 el desfile matutino del Carnaval 2020, con la participaci\u00f3n de instituciones de educaci\u00f3n b\u00e1sica.<\/p>\n<p>En total desfilaron 32 n\u00fameros entre representantes de belleza, agrupaciones art\u00edsticas e iniciativa privada por las principales calles del centro de la ciudad.<\/p>\n<p>10 escuelas primarias, 3 secundarias y la Preparatoria Francisco Garc\u00eda Salinas repartieron sonrisas y talento ante los espectadores.<\/p>\n<p>La Batucada de Zacatecas fue invitada especial mientras que los locales proyectaron talento en la representaci\u00f3n de Tokio 2020, bailes modernos en mezcla con coloridos vestuarios, as\u00ed como carros aleg\u00f3ricos de alebrijes, sirenas, mundo de caramelo, colibr\u00eds y popeye, entre otros.<\/p>\n<p>El tradicional desfile fue aplaudido por el Alcalde Antonio Aceves S\u00e1nchez, su esposa Nayeli \u00c1lvarez Haro, funcionarios municipales y miles de personas entre jerezanos y visitantes de Coahuila, Guadalajara, Guanajuato, Espa\u00f1a y m\u00e1s.<\/p>\n<p>Al finalizar el contingente, una cuadrilla y veh\u00edculo del Departamento de Limpia dejaron las calles en \u00f3ptimas condiciones con el retiro de basura, y de igual manera elementos se Seguridad Vial supervisaron el orden a lo largo de todo el evento.<\/p>\n","protected":false},"excerpt":{"rendered":"<div class=\"mh-excerpt\"><p>Con derroche de creatividad tanto en vestuarios como en los vistosos carros aleg\u00f3ricos, se desarroll\u00f3 el desfile matutino del Carnaval 2020, con la participaci\u00f3n de <a class=\"mh-excerpt-more\" href=\"https:\/\/raicesjerezanas.com\/?p=2763\" title=\"EL PUEBLO M\u00c1S ALEGRE DE M\u00c9XICO LUCE CON SU TRADICIONAL DESFILE DE CARNAVAL 2020\">&#8230;<\/a><\/p>\n<\/div>","protected":false},"author":1,"featured_media":2764,"comment_status":"closed","ping_status":"closed","sticky":false,"template":"","format":"standard","meta":{"footnotes":""},"categories":[102],"tags":[],"class_list":["post-2763","post","type-post","status-publish","format-standard","has-post-thumbnail","hentry","category-noticias-de-jerez"],"_links":{"self":[{"href":"https:\/\/raicesjerezanas.com\/index.php?rest_route=\/wp\/v2\/posts\/2763","targetHints":{"allow":["GET"]}}],"collection":[{"href":"https:\/\/raicesjerezanas.com\/index.php?rest_route=\/wp\/v2\/posts"}],"about":[{"href":"https:\/\/raicesjerezanas.com\/index.php?rest_route=\/wp\/v2\/types\/post"}],"author":[{"embeddable":true,"href":"https:\/\/raicesjerezanas.com\/index.php?rest_route=\/wp\/v2\/users\/1"}],"replies":[{"embeddable":true,"href":"https:\/\/raicesjerezanas.com\/index.php?rest_route=%2Fwp%2Fv2%2Fcomments&post=2763"}],"version-history":[{"count":0,"href":"https:\/\/raicesjerezanas.com\/index.php?rest_route=\/wp\/v2\/posts\/2763\/revisions"}],"wp:featuredmedia":[{"embeddable":true,"href":"https:\/\/raicesjerezanas.com\/index.php?rest_route=\/wp\/v2\/media\/2764"}],"wp:attachment":[{"href":"https:\/\/raicesjerezanas.com\/index.php?rest_route=%2Fwp%2Fv2%2Fmedia&parent=2763"}],"wp:term":[{"taxonomy":"category","embeddable":true,"href":"https:\/\/raicesjerezanas.com\/index.php?rest_route=%2Fwp%2Fv2%2Fcategories&post=2763"},{"taxonomy":"post_tag","embeddable":true,"href":"https:\/\/raicesjerezanas.com\/index.php?rest_route=%2Fwp%2Fv2%2Ftags&post=2763"}],"curies":[{"name":"wp","href":"https:\/\/api.w.org\/{rel}","templated":true}]}}