{"id":2766,"date":"2020-02-23T21:06:24","date_gmt":"2020-02-24T03:06:24","guid":{"rendered":"https:\/\/raicesjerezanas.com\/?p=2766"},"modified":"2023-07-14T04:25:48","modified_gmt":"2023-07-14T04:25:48","slug":"la-tradicional-jerezada-fue-todo-un-exito","status":"publish","type":"post","link":"https:\/\/raicesjerezanas.com\/?p=2766","title":{"rendered":"LA TRADICIONAL JEREZADA FUE TODO UN \u00c9XITO"},"content":{"rendered":"<p><strong>M\u00e1s de 10 mil personas disfrutan de su edici\u00f3n 2020<\/strong><\/p>\n<p>Con el D\u00eda Taurino concluyeron las actividades de la Jerezada en su edici\u00f3n 2020, que en sus cinco d\u00edas reuni\u00f3 a m\u00e1s de 10 mil personas en sus distintas actividades.<\/p>\n<p>En el Jard\u00edn Principal, el Alcalde Antonio Aceves S\u00e1nchez, acompa\u00f1ado por su esposa Nayeli \u00c1lvarez Haro e hijos as\u00ed como Alfredo Lozano Mota, Presidente de la Pe\u00f1a Taurina Isidro Mu\u00f1oz Rodr\u00edguez dio paso al tradicional Encierro Diurno.<\/p>\n<p>Los fuegos artificiales dieron la se\u00f1al para que abrieran los toriles y salieran las cinco reses bravas de 500 kilos, provenientes de reconocidas ganader\u00edas ante los que m\u00e1s de 30 corredores demostraron su valent\u00eda dentro del circuito.<\/p>\n<p>El festejo convoc\u00f3 turistas de distintos estados de la Rep\u00fablica Mexicana, que apreciaron la Jerezada en un ambiente por completo seguro y familiar.<\/p>\n<p>Posteriormente las actividades se trasladaron a la Plaza de Toros La Jerezana, donde por primera vez se presentaron los juegos taurinos Sube y Baja y La oruga, con premios de 3 mil pesos para los ganadores.<\/p>\n<p>Acto seguido comenz\u00f3 la Novillada gratuita, con la participaci\u00f3n de Jos\u00e9 Miguel Arellano, Raudel Garc\u00eda, El\u00edas Gerardo y Alejandro Adame, con cuatro novillos de Arroyo Hondo.<\/p>\n<p>Los j\u00f3venes novilleros se plantaron en el ruedo haci\u00e9ndo faena que el respetable reconoci\u00f3 con aplausos, respaldados por el ambiente musical de la Banda Municipal de Guadalupe. El triunfador de la tarde fue Alejandro Adame quien recibi\u00f3 dos orejas.<\/p>\n<p>Durante cada uno de los festejos se cont\u00f3 con un desplegado de seguridad en el cual participaron efectivos federales, municipales y estatales, con lo que se garantiz\u00f3 la tranquilidad durante la estad\u00eda de los asistentes.<\/p>\n<p>Tambi\u00e9n se realizaron rondines a\u00e9reos apoyados por el helic\u00f3ptero de la Secretar\u00eda de Seguridad P\u00fablica del Estado; por su parte la Polic\u00eda de Seguridad Vial resguard\u00f3 los distintos accesos al Pueblo M\u00e1gico .<\/p>\n<p>Asimismo el centro de la ciudad luci\u00f3 impecable gracias a la estrategia de limpieza manual permanente.<\/p>\n","protected":false},"excerpt":{"rendered":"<div class=\"mh-excerpt\"><p>M\u00e1s de 10 mil personas disfrutan de su edici\u00f3n 2020 Con el D\u00eda Taurino concluyeron las actividades de la Jerezada en su edici\u00f3n 2020, que <a class=\"mh-excerpt-more\" href=\"https:\/\/raicesjerezanas.com\/?p=2766\" title=\"LA TRADICIONAL JEREZADA FUE TODO UN \u00c9XITO\">&#8230;<\/a><\/p>\n<\/div>","protected":false},"author":1,"featured_media":2767,"comment_status":"closed","ping_status":"closed","sticky":false,"template":"","format":"standard","meta":{"footnotes":""},"categories":[102],"tags":[],"class_list":["post-2766","post","type-post","status-publish","format-standard","has-post-thumbnail","hentry","category-noticias-de-jerez"],"_links":{"self":[{"href":"https:\/\/raicesjerezanas.com\/index.php?rest_route=\/wp\/v2\/posts\/2766","targetHints":{"allow":["GET"]}}],"collection":[{"href":"https:\/\/raicesjerezanas.com\/index.php?rest_route=\/wp\/v2\/posts"}],"about":[{"href":"https:\/\/raicesjerezanas.com\/index.php?rest_route=\/wp\/v2\/types\/post"}],"author":[{"embeddable":true,"href":"https:\/\/raicesjerezanas.com\/index.php?rest_route=\/wp\/v2\/users\/1"}],"replies":[{"embeddable":true,"href":"https:\/\/raicesjerezanas.com\/index.php?rest_route=%2Fwp%2Fv2%2Fcomments&post=2766"}],"version-history":[{"count":0,"href":"https:\/\/raicesjerezanas.com\/index.php?rest_route=\/wp\/v2\/posts\/2766\/revisions"}],"wp:featuredmedia":[{"embeddable":true,"href":"https:\/\/raicesjerezanas.com\/index.php?rest_route=\/wp\/v2\/media\/2767"}],"wp:attachment":[{"href":"https:\/\/raicesjerezanas.com\/index.php?rest_route=%2Fwp%2Fv2%2Fmedia&parent=2766"}],"wp:term":[{"taxonomy":"category","embeddable":true,"href":"https:\/\/raicesjerezanas.com\/index.php?rest_route=%2Fwp%2Fv2%2Fcategories&post=2766"},{"taxonomy":"post_tag","embeddable":true,"href":"https:\/\/raicesjerezanas.com\/index.php?rest_route=%2Fwp%2Fv2%2Ftags&post=2766"}],"curies":[{"name":"wp","href":"https:\/\/api.w.org\/{rel}","templated":true}]}}