{"id":2770,"date":"2020-02-25T15:18:38","date_gmt":"2020-02-25T21:18:38","guid":{"rendered":"https:\/\/raicesjerezanas.com\/?p=2770"},"modified":"2023-07-14T04:25:48","modified_gmt":"2023-07-14T04:25:48","slug":"intensifica-aceves-sanchez-su-gira-por-comunidades","status":"publish","type":"post","link":"https:\/\/raicesjerezanas.com\/?p=2770","title":{"rendered":"INTENSIFICA ACEVES S\u00c1NCHEZ SU GIRA POR COMUNIDADES"},"content":{"rendered":"<p>\u201cUnidos hacemos m\u00e1s\u201d, expres\u00f3 el Presidente Municipal Antonio Aceves S\u00e1nchez, a productores jerezanos de San Cayetano, El Naranjal y Los Haro.<\/p>\n<p>Ah\u00ed, refrend\u00f3 el compromiso de su administraci\u00f3n con el desarrollo del campo y la construcci\u00f3n de un frente com\u00fan para que a Jerez le vaya mejor.<\/p>\n<p>El alcalde entreg\u00f3 credenciales del Programa de Empadronamiento del Departamento de Desarrollo Agropecuario, y continu\u00f3 con la invitaci\u00f3n a quienes a\u00fan no se han enlistado para que puedan acceder a distintos beneficios durante este 2020.<\/p>\n<p>Los productores le externaron distintas necesidades en cuanto a equipo de tecnificaci\u00f3n, asesoramiento y fertilizantes, ante los que Aceves S\u00e1nchez garantiz\u00f3 el debido seguimiento porque \u00abel dinero es de ustedes y ustedes deciden en qu\u00e9 se gasta\u201d, expres\u00f3.<\/p>\n<p>Por \u00faltimo, los asistentes agradecieron su visita y la del Jefe de Agropecuario Ram\u00f3n Luj\u00e1n Casas, ya que dijeron, demuestran su disposici\u00f3n para impulsar la actividad y producci\u00f3n del campo jerezano.<\/p>\n","protected":false},"excerpt":{"rendered":"<div class=\"mh-excerpt\"><p>\u201cUnidos hacemos m\u00e1s\u201d, expres\u00f3 el Presidente Municipal Antonio Aceves S\u00e1nchez, a productores jerezanos de San Cayetano, El Naranjal y Los Haro. Ah\u00ed, refrend\u00f3 el compromiso <a class=\"mh-excerpt-more\" href=\"https:\/\/raicesjerezanas.com\/?p=2770\" title=\"INTENSIFICA ACEVES S\u00c1NCHEZ SU GIRA POR COMUNIDADES\">&#8230;<\/a><\/p>\n<\/div>","protected":false},"author":1,"featured_media":2771,"comment_status":"closed","ping_status":"closed","sticky":false,"template":"","format":"standard","meta":{"footnotes":""},"categories":[102],"tags":[],"class_list":["post-2770","post","type-post","status-publish","format-standard","has-post-thumbnail","hentry","category-noticias-de-jerez"],"_links":{"self":[{"href":"https:\/\/raicesjerezanas.com\/index.php?rest_route=\/wp\/v2\/posts\/2770","targetHints":{"allow":["GET"]}}],"collection":[{"href":"https:\/\/raicesjerezanas.com\/index.php?rest_route=\/wp\/v2\/posts"}],"about":[{"href":"https:\/\/raicesjerezanas.com\/index.php?rest_route=\/wp\/v2\/types\/post"}],"author":[{"embeddable":true,"href":"https:\/\/raicesjerezanas.com\/index.php?rest_route=\/wp\/v2\/users\/1"}],"replies":[{"embeddable":true,"href":"https:\/\/raicesjerezanas.com\/index.php?rest_route=%2Fwp%2Fv2%2Fcomments&post=2770"}],"version-history":[{"count":0,"href":"https:\/\/raicesjerezanas.com\/index.php?rest_route=\/wp\/v2\/posts\/2770\/revisions"}],"wp:featuredmedia":[{"embeddable":true,"href":"https:\/\/raicesjerezanas.com\/index.php?rest_route=\/wp\/v2\/media\/2771"}],"wp:attachment":[{"href":"https:\/\/raicesjerezanas.com\/index.php?rest_route=%2Fwp%2Fv2%2Fmedia&parent=2770"}],"wp:term":[{"taxonomy":"category","embeddable":true,"href":"https:\/\/raicesjerezanas.com\/index.php?rest_route=%2Fwp%2Fv2%2Fcategories&post=2770"},{"taxonomy":"post_tag","embeddable":true,"href":"https:\/\/raicesjerezanas.com\/index.php?rest_route=%2Fwp%2Fv2%2Ftags&post=2770"}],"curies":[{"name":"wp","href":"https:\/\/api.w.org\/{rel}","templated":true}]}}